{"id":8587,"date":"2025-07-16T17:05:13","date_gmt":"2025-07-16T20:05:13","guid":{"rendered":"http:\/\/blogdoarmindomaia.com.br\/?p=8587"},"modified":"2025-07-16T17:05:14","modified_gmt":"2025-07-16T20:05:14","slug":"araxa-sera-pioneira-em-minas-com-criacao-de-centro-integrado-de-atendimento-a-infancia-2","status":"publish","type":"post","link":"http:\/\/blogdoarmindomaia.com.br\/?p=8587","title":{"rendered":"Arax\u00e1 ser\u00e1 pioneira em Minas com cria\u00e7\u00e3o de Centro Integrado de Atendimento \u00e0 inf\u00e2ncia"},"content":{"rendered":"\n<figure class=\"wp-block-image size-large\"><img loading=\"lazy\" decoding=\"async\" width=\"1024\" height=\"768\" src=\"http:\/\/blogdoarmindomaia.com.br\/wp-content\/uploads\/2025\/07\/Araxa-sera-pioneira-em-Minas-com-criacao-de-Centro-Integrado-de-Atendimento-a-infancia-pag-08-1-1024x768.jpeg\" alt=\"\" class=\"wp-image-8588\" srcset=\"http:\/\/blogdoarmindomaia.com.br\/wp-content\/uploads\/2025\/07\/Araxa-sera-pioneira-em-Minas-com-criacao-de-Centro-Integrado-de-Atendimento-a-infancia-pag-08-1-1024x768.jpeg 1024w, http:\/\/blogdoarmindomaia.com.br\/wp-content\/uploads\/2025\/07\/Araxa-sera-pioneira-em-Minas-com-criacao-de-Centro-Integrado-de-Atendimento-a-infancia-pag-08-1-300x225.jpeg 300w, http:\/\/blogdoarmindomaia.com.br\/wp-content\/uploads\/2025\/07\/Araxa-sera-pioneira-em-Minas-com-criacao-de-Centro-Integrado-de-Atendimento-a-infancia-pag-08-1-768x576.jpeg 768w, http:\/\/blogdoarmindomaia.com.br\/wp-content\/uploads\/2025\/07\/Araxa-sera-pioneira-em-Minas-com-criacao-de-Centro-Integrado-de-Atendimento-a-infancia-pag-08-1-1536x1152.jpeg 1536w, http:\/\/blogdoarmindomaia.com.br\/wp-content\/uploads\/2025\/07\/Araxa-sera-pioneira-em-Minas-com-criacao-de-Centro-Integrado-de-Atendimento-a-infancia-pag-08-1.jpeg 1600w\" sizes=\"auto, (max-width: 1024px) 100vw, 1024px\" \/><\/figure>\n\n\n\n<p>Arax\u00e1 ser\u00e1 o primeiro munic\u00edpio de Minas Gerais a implantar um Centro Integrado de Atendimento (CAI) voltado \u00e0 prote\u00e7\u00e3o de crian\u00e7as e adolescentes v\u00edtimas ou testemunhas de viol\u00eancia. O projeto, pioneiro no estado, foi oficialmente apresentado na ter\u00e7a-feira (15), durante reuni\u00e3o na sede da Prefeitura, com a presen\u00e7a de representantes do Executivo, Judici\u00e1rio, Minist\u00e9rio P\u00fablico, Conselho Municipal dos Direitos da Crian\u00e7a e do Adolescente (CMDCA) e institui\u00e7\u00f5es da rede de prote\u00e7\u00e3o. Em conformidade com a Lei Federal 13.431\/2017, o CAI reunir\u00e1, em um \u00fanico espa\u00e7o, uma equipe multidisciplinar capacitada para prestar atendimento humanizado, \u00e1gil e qualificado \u00e0s v\u00edtimas de viol\u00eancia sexual, f\u00edsica, psicol\u00f3gica ou institucional. O objetivo \u00e9 evitar a revitimiza\u00e7\u00e3o, quando crian\u00e7as e adolescentes s\u00e3o obrigados a repetir o relato traum\u00e1tico diversas vezes em diferentes \u00f3rg\u00e3os. Para o prefeito Robson Magela, \u201ca cria\u00e7\u00e3o do centro \u00e9 um avan\u00e7o in\u00e9dito para o munic\u00edpio. \u00c9 um gesto de cuidado, de respeito e de responsabilidade com as nossas crian\u00e7as e adolescentes\u201d. A promotora de Justi\u00e7a Dra. Mara L\u00facia Silva Dourado, curadora da Inf\u00e2ncia e Juventude, disse que \u201c o CAI vem exatamente para evitar essa revitimiza\u00e7\u00e3o. Em vez de circular por v\u00e1rios espa\u00e7os, a crian\u00e7a ser\u00e1 acolhida em um \u00fanico local, por uma equipe preparada, com escuta protegida e encaminhamentos adequados\u201d. O juiz da 2\u00aa Vara Criminal e da Inf\u00e2ncia e Juventude da Comarca de Arax\u00e1, Dr. Dimas Ramon Esper, afirmou que \u201c esse projeto \u00e9 fruto de uma constru\u00e7\u00e3o conjunta. Arax\u00e1 tem uma rede de prote\u00e7\u00e3o ativa, mas com muitas portas de entrada, o que dificulta o fluxo de atendimento\u201d<\/p>\n","protected":false},"excerpt":{"rendered":"<p>Arax\u00e1 ser\u00e1 o primeiro munic\u00edpio de Minas Gerais a implantar um Centro Integrado de Atendimento (CAI) voltado \u00e0 prote\u00e7\u00e3o de<\/p>\n","protected":false},"author":2,"featured_media":8588,"comment_status":"open","ping_status":"open","sticky":false,"template":"","format":"standard","meta":{"footnotes":""},"categories":[9,11],"tags":[],"class_list":["post-8587","post","type-post","status-publish","format-standard","has-post-thumbnail","hentry","category-araxa","category-destaques"],"_links":{"self":[{"href":"http:\/\/blogdoarmindomaia.com.br\/index.php?rest_route=\/wp\/v2\/posts\/8587","targetHints":{"allow":["GET"]}}],"collection":[{"href":"http:\/\/blogdoarmindomaia.com.br\/index.php?rest_route=\/wp\/v2\/posts"}],"about":[{"href":"http:\/\/blogdoarmindomaia.com.br\/index.php?rest_route=\/wp\/v2\/types\/post"}],"author":[{"embeddable":true,"href":"http:\/\/blogdoarmindomaia.com.br\/index.php?rest_route=\/wp\/v2\/users\/2"}],"replies":[{"embeddable":true,"href":"http:\/\/blogdoarmindomaia.com.br\/index.php?rest_route=%2Fwp%2Fv2%2Fcomments&post=8587"}],"version-history":[{"count":1,"href":"http:\/\/blogdoarmindomaia.com.br\/index.php?rest_route=\/wp\/v2\/posts\/8587\/revisions"}],"predecessor-version":[{"id":8589,"href":"http:\/\/blogdoarmindomaia.com.br\/index.php?rest_route=\/wp\/v2\/posts\/8587\/revisions\/8589"}],"wp:featuredmedia":[{"embeddable":true,"href":"http:\/\/blogdoarmindomaia.com.br\/index.php?rest_route=\/wp\/v2\/media\/8588"}],"wp:attachment":[{"href":"http:\/\/blogdoarmindomaia.com.br\/index.php?rest_route=%2Fwp%2Fv2%2Fmedia&parent=8587"}],"wp:term":[{"taxonomy":"category","embeddable":true,"href":"http:\/\/blogdoarmindomaia.com.br\/index.php?rest_route=%2Fwp%2Fv2%2Fcategories&post=8587"},{"taxonomy":"post_tag","embeddable":true,"href":"http:\/\/blogdoarmindomaia.com.br\/index.php?rest_route=%2Fwp%2Fv2%2Ftags&post=8587"}],"curies":[{"name":"wp","href":"https:\/\/api.w.org\/{rel}","templated":true}]}}