{"id":8590,"date":"2025-07-16T17:11:36","date_gmt":"2025-07-16T20:11:36","guid":{"rendered":"http:\/\/blogdoarmindomaia.com.br\/?p=8590"},"modified":"2025-07-16T17:11:37","modified_gmt":"2025-07-16T20:11:37","slug":"governo-de-minas-consulta-comunidade-escolar-sobre-o-programa-escolas-civico-militares","status":"publish","type":"post","link":"http:\/\/blogdoarmindomaia.com.br\/?p=8590","title":{"rendered":"Governo de Minas consulta comunidade escolar sobre o programa Escolas C\u00edvico-Militares"},"content":{"rendered":"\n<figure class=\"wp-block-image size-large\"><img loading=\"lazy\" decoding=\"async\" width=\"1024\" height=\"576\" src=\"http:\/\/blogdoarmindomaia.com.br\/wp-content\/uploads\/2025\/07\/Governo-de-Minas-consulta-comunidade-escolar-sobre-as-Escolas-Civico-Militares-pag-08-1024x576.jpeg\" alt=\"\" class=\"wp-image-8591\" srcset=\"http:\/\/blogdoarmindomaia.com.br\/wp-content\/uploads\/2025\/07\/Governo-de-Minas-consulta-comunidade-escolar-sobre-as-Escolas-Civico-Militares-pag-08-1024x576.jpeg 1024w, http:\/\/blogdoarmindomaia.com.br\/wp-content\/uploads\/2025\/07\/Governo-de-Minas-consulta-comunidade-escolar-sobre-as-Escolas-Civico-Militares-pag-08-300x169.jpeg 300w, http:\/\/blogdoarmindomaia.com.br\/wp-content\/uploads\/2025\/07\/Governo-de-Minas-consulta-comunidade-escolar-sobre-as-Escolas-Civico-Militares-pag-08-768x432.jpeg 768w, http:\/\/blogdoarmindomaia.com.br\/wp-content\/uploads\/2025\/07\/Governo-de-Minas-consulta-comunidade-escolar-sobre-as-Escolas-Civico-Militares-pag-08.jpeg 1200w\" sizes=\"auto, (max-width: 1024px) 100vw, 1024px\" \/><\/figure>\n\n\n\n<p>O&nbsp;<a href=\"https:\/\/www.mg.gov.br\/\" target=\"_blank\" rel=\"noreferrer noopener\">Governo de Minas<\/a>&nbsp;inicia uma nova etapa do Programa das Escolas C\u00edvico-Militares, com foco na escuta ativa das comunidades escolares. A iniciativa, conduzida pela&nbsp;<a href=\"https:\/\/www.educacao.mg.gov.br\/\" target=\"_blank\" rel=\"noreferrer noopener\">Secretaria de Estado de Educa\u00e7\u00e3o de Minas Gerais (SEE\/MG)<\/a>, em parceria com a&nbsp;<a href=\"https:\/\/www.policiamilitar.mg.gov.br\/\" target=\"_blank\" rel=\"noreferrer noopener\">Pol\u00edcia Militar de Minas Gerais (PMMG)<\/a>&nbsp;e o&nbsp;<a href=\"https:\/\/www.bombeiros.mg.gov.br\/\" target=\"_blank\" rel=\"noreferrer noopener\">Corpo de Bombeiros Militar de Minas Gerais (CBMMG)<\/a>, busca ampliar um modelo j\u00e1 adotado em nove escolas da rede estadual, que atendem atualmente mais de 6 mil estudantes. Nesta fase, as 728 escolas pr\u00e9-selecionadas com base em crit\u00e9rios t\u00e9cnicos devem, obrigatoriamente, realizar uma consulta p\u00fablica. &nbsp;A expans\u00e3o ser\u00e1 gradual, estrat\u00e9gica e democr\u00e1tica, considerando a manifesta\u00e7\u00e3o de interesse da comunidade escolar, o contexto de cada territ\u00f3rio e a viabilidade t\u00e9cnica e or\u00e7ament\u00e1ria da proposta. \u201cO que estamos propondo \u00e9 uma escuta democr\u00e1tica, em que a escola, seus profissionais, estudantes e fam\u00edlias t\u00eam papel central na decis\u00e3o. O objetivo \u00e9 fortalecer a educa\u00e7\u00e3o p\u00fablica com um modelo que j\u00e1 tem mostrado bons resultados em Minas Gerais, sempre com foco no di\u00e1logo, na coopera\u00e7\u00e3o e na valoriza\u00e7\u00e3o do papel social da escola\u201d, destaca o secret\u00e1rio de Estado de Educa\u00e7\u00e3o, Igor de Alvarenga. O secret\u00e1rio explica que o modelo do Programa de Escolas C\u00edvico-Militares n\u00e3o altera a proposta pedag\u00f3gica da escola. A atua\u00e7\u00e3o dos profissionais da PMMG e do CBMMG \u00e9 voltada \u00e0 media\u00e7\u00e3o de conflitos, apoio \u00e0 gest\u00e3o, desenvolvimento de atividades preventivas e promo\u00e7\u00e3o de valores como respeito, disciplina e responsabilidade.<\/p>\n\n\n\n<p>Em Arax\u00e1 seis escolas estaduais foram&nbsp; selecionadas para a consulta em assembleias: Dom Jos\u00e9 Gaspar, Polivalente, Padre Anacleto, Armando Santos, Rotary e Maria de Magalh\u00e3es.<\/p>\n","protected":false},"excerpt":{"rendered":"<p>O&nbsp;Governo de Minas&nbsp;inicia uma nova etapa do Programa das Escolas C\u00edvico-Militares, com foco na escuta ativa das comunidades escolares. A<\/p>\n","protected":false},"author":2,"featured_media":8591,"comment_status":"open","ping_status":"open","sticky":false,"template":"","format":"standard","meta":{"footnotes":""},"categories":[9,13],"tags":[],"class_list":["post-8590","post","type-post","status-publish","format-standard","has-post-thumbnail","hentry","category-araxa","category-educacao"],"_links":{"self":[{"href":"http:\/\/blogdoarmindomaia.com.br\/index.php?rest_route=\/wp\/v2\/posts\/8590","targetHints":{"allow":["GET"]}}],"collection":[{"href":"http:\/\/blogdoarmindomaia.com.br\/index.php?rest_route=\/wp\/v2\/posts"}],"about":[{"href":"http:\/\/blogdoarmindomaia.com.br\/index.php?rest_route=\/wp\/v2\/types\/post"}],"author":[{"embeddable":true,"href":"http:\/\/blogdoarmindomaia.com.br\/index.php?rest_route=\/wp\/v2\/users\/2"}],"replies":[{"embeddable":true,"href":"http:\/\/blogdoarmindomaia.com.br\/index.php?rest_route=%2Fwp%2Fv2%2Fcomments&post=8590"}],"version-history":[{"count":1,"href":"http:\/\/blogdoarmindomaia.com.br\/index.php?rest_route=\/wp\/v2\/posts\/8590\/revisions"}],"predecessor-version":[{"id":8592,"href":"http:\/\/blogdoarmindomaia.com.br\/index.php?rest_route=\/wp\/v2\/posts\/8590\/revisions\/8592"}],"wp:featuredmedia":[{"embeddable":true,"href":"http:\/\/blogdoarmindomaia.com.br\/index.php?rest_route=\/wp\/v2\/media\/8591"}],"wp:attachment":[{"href":"http:\/\/blogdoarmindomaia.com.br\/index.php?rest_route=%2Fwp%2Fv2%2Fmedia&parent=8590"}],"wp:term":[{"taxonomy":"category","embeddable":true,"href":"http:\/\/blogdoarmindomaia.com.br\/index.php?rest_route=%2Fwp%2Fv2%2Fcategories&post=8590"},{"taxonomy":"post_tag","embeddable":true,"href":"http:\/\/blogdoarmindomaia.com.br\/index.php?rest_route=%2Fwp%2Fv2%2Ftags&post=8590"}],"curies":[{"name":"wp","href":"https:\/\/api.w.org\/{rel}","templated":true}]}}