{"id":8594,"date":"2025-07-23T15:20:23","date_gmt":"2025-07-23T18:20:23","guid":{"rendered":"http:\/\/blogdoarmindomaia.com.br\/?p=8594"},"modified":"2025-07-23T15:20:24","modified_gmt":"2025-07-23T18:20:24","slug":"zema-vai-lancar-pre-candidatura-a-presidencia-em-agosto","status":"publish","type":"post","link":"http:\/\/blogdoarmindomaia.com.br\/?p=8594","title":{"rendered":"Zema vai lan\u00e7ar pr\u00e9-candidatura \u00e0 Presid\u00eancia em agosto"},"content":{"rendered":"\n<figure class=\"wp-block-image size-full\"><img loading=\"lazy\" decoding=\"async\" width=\"675\" height=\"450\" src=\"http:\/\/blogdoarmindomaia.com.br\/wp-content\/uploads\/2025\/07\/Zema-vai-lancar-pre-candidatura-a-Presidencia-em-agosto-pag-08.jpg\" alt=\"\" class=\"wp-image-8595\" srcset=\"http:\/\/blogdoarmindomaia.com.br\/wp-content\/uploads\/2025\/07\/Zema-vai-lancar-pre-candidatura-a-Presidencia-em-agosto-pag-08.jpg 675w, http:\/\/blogdoarmindomaia.com.br\/wp-content\/uploads\/2025\/07\/Zema-vai-lancar-pre-candidatura-a-Presidencia-em-agosto-pag-08-300x200.jpg 300w\" sizes=\"auto, (max-width: 675px) 100vw, 675px\" \/><\/figure>\n\n\n\n<p>O governador de Minas Gerais, Romeu Zema, deve ter sua pr\u00e9-candidatura \u00e0 Presid\u00eancia da Rep\u00fablica lan\u00e7ada em um evento de seu partido, o Novo, em agosto. O an\u00fancio do evento foi comunicado pelo partido. O ato ocorrer\u00e1 em S\u00e3o Paulo, em 16 de agosto.<\/p>\n\n\n\n<p>&#8220;Em 2018, Zema era um desconhecido. Mesmo assim, conquistou os mineiros, venceu as elei\u00e7\u00f5es. &nbsp;Ele tem totais condi\u00e7\u00f5es de fazer o mesmo pelo Brasil\u201d, disse o presidente do Novo, Eduardo Ribeiro, em nota \u00e0 imprensa.<\/p>\n\n\n\n<p>Empres\u00e1rio do setor varejista, Zema foi eleito governador de Minas em 2018 e reeleito em 2022, ainda no primeiro turno.<\/p>\n\n\n\n<p>O comunicado do Novo tamb\u00e9m registra que, na segunda-feira (14), Zema se reuniu com Jair Bolsonaro (PL), ocasi\u00e3o em que comunicou ao ex-presidente sua inten\u00e7\u00e3o de se lan\u00e7ar \u00e0 Presid\u00eancia da Rep\u00fablica.<\/p>\n\n\n\n<p>&#8220;Bolsonaro recebeu a not\u00edcia de forma positiva e incentivou a pr\u00e9-candidatura, destacando a import\u00e2ncia de haver mais nomes da direita no primeiro turno&#8221;, destaca a nota.<\/p>\n\n\n\n<p>Entre os govenadores \u00e0 direita, Zema se junta ao governante de Goi\u00e1s, Ronaldo Caiado (Uni\u00e3o), que&nbsp;<a href=\"https:\/\/www.cnnbrasil.com.br\/politica\/ronaldo-caiado-lanca-pre-candidatura-a-presidencia-e-tenta-unir-partido\/\">lan\u00e7ou sua pr\u00e9-candidatura para 2026 em um evento em abril<\/a>, na Bahia.<\/p>\n","protected":false},"excerpt":{"rendered":"<p>O governador de Minas Gerais, Romeu Zema, deve ter sua pr\u00e9-candidatura \u00e0 Presid\u00eancia da Rep\u00fablica lan\u00e7ada em um evento de<\/p>\n","protected":false},"author":2,"featured_media":8595,"comment_status":"open","ping_status":"open","sticky":false,"template":"","format":"standard","meta":{"footnotes":""},"categories":[9,11],"tags":[],"class_list":["post-8594","post","type-post","status-publish","format-standard","has-post-thumbnail","hentry","category-araxa","category-destaques"],"_links":{"self":[{"href":"http:\/\/blogdoarmindomaia.com.br\/index.php?rest_route=\/wp\/v2\/posts\/8594","targetHints":{"allow":["GET"]}}],"collection":[{"href":"http:\/\/blogdoarmindomaia.com.br\/index.php?rest_route=\/wp\/v2\/posts"}],"about":[{"href":"http:\/\/blogdoarmindomaia.com.br\/index.php?rest_route=\/wp\/v2\/types\/post"}],"author":[{"embeddable":true,"href":"http:\/\/blogdoarmindomaia.com.br\/index.php?rest_route=\/wp\/v2\/users\/2"}],"replies":[{"embeddable":true,"href":"http:\/\/blogdoarmindomaia.com.br\/index.php?rest_route=%2Fwp%2Fv2%2Fcomments&post=8594"}],"version-history":[{"count":1,"href":"http:\/\/blogdoarmindomaia.com.br\/index.php?rest_route=\/wp\/v2\/posts\/8594\/revisions"}],"predecessor-version":[{"id":8596,"href":"http:\/\/blogdoarmindomaia.com.br\/index.php?rest_route=\/wp\/v2\/posts\/8594\/revisions\/8596"}],"wp:featuredmedia":[{"embeddable":true,"href":"http:\/\/blogdoarmindomaia.com.br\/index.php?rest_route=\/wp\/v2\/media\/8595"}],"wp:attachment":[{"href":"http:\/\/blogdoarmindomaia.com.br\/index.php?rest_route=%2Fwp%2Fv2%2Fmedia&parent=8594"}],"wp:term":[{"taxonomy":"category","embeddable":true,"href":"http:\/\/blogdoarmindomaia.com.br\/index.php?rest_route=%2Fwp%2Fv2%2Fcategories&post=8594"},{"taxonomy":"post_tag","embeddable":true,"href":"http:\/\/blogdoarmindomaia.com.br\/index.php?rest_route=%2Fwp%2Fv2%2Ftags&post=8594"}],"curies":[{"name":"wp","href":"https:\/\/api.w.org\/{rel}","templated":true}]}}