{"id":8609,"date":"2025-07-24T14:14:48","date_gmt":"2025-07-24T17:14:48","guid":{"rendered":"http:\/\/blogdoarmindomaia.com.br\/?p=8609"},"modified":"2025-07-24T14:14:49","modified_gmt":"2025-07-24T17:14:49","slug":"eca-completa-35-anosuma-historia-de-avancos-e-desafios-na-protecao-da-infancia-e-adolescencia-no-brasil","status":"publish","type":"post","link":"http:\/\/blogdoarmindomaia.com.br\/?p=8609","title":{"rendered":"ECA completa 35 anos:Uma hist\u00f3ria de avan\u00e7os e desafios na prote\u00e7\u00e3o da inf\u00e2ncia e adolesc\u00eancia no Brasil"},"content":{"rendered":"\n<p><\/p>\n\n\n\n<figure class=\"wp-block-image size-large\"><img loading=\"lazy\" decoding=\"async\" width=\"1024\" height=\"458\" src=\"http:\/\/blogdoarmindomaia.com.br\/wp-content\/uploads\/2025\/07\/Mais-de-700-adesoes-1520-x-680-px-1-1024x458.png\" alt=\"\" class=\"wp-image-8610\" srcset=\"http:\/\/blogdoarmindomaia.com.br\/wp-content\/uploads\/2025\/07\/Mais-de-700-adesoes-1520-x-680-px-1-1024x458.png 1024w, http:\/\/blogdoarmindomaia.com.br\/wp-content\/uploads\/2025\/07\/Mais-de-700-adesoes-1520-x-680-px-1-300x134.png 300w, http:\/\/blogdoarmindomaia.com.br\/wp-content\/uploads\/2025\/07\/Mais-de-700-adesoes-1520-x-680-px-1-768x344.png 768w, http:\/\/blogdoarmindomaia.com.br\/wp-content\/uploads\/2025\/07\/Mais-de-700-adesoes-1520-x-680-px-1.png 1140w\" sizes=\"auto, (max-width: 1024px) 100vw, 1024px\" \/><\/figure>\n\n\n\n<p>,<\/p>\n\n\n\n<p>Por UNIARAX\u00c1<\/p>\n\n\n\n<p>No \u00faltimo dia 13 de julho, o Estatuto da Crian\u00e7a e do Adolescente (ECA) completou 35 anos de exist\u00eancia. Sancionado em 1990 como a Lei n\u00ba 8.069, o ECA representou uma verdadeira virada de chave na forma como o Brasil enxerga e trata suas crian\u00e7as e adolescentes. Fruto da mobiliza\u00e7\u00e3o social e pol\u00edtica que acompanhou a promulga\u00e7\u00e3o da Constitui\u00e7\u00e3o Federal de 1988 e da ades\u00e3o do pa\u00eds \u00e0 Conven\u00e7\u00e3o Internacional dos Direitos da Crian\u00e7a, o ECA consolidou o reconhecimento de meninos e meninas como sujeitos de direitos, rompendo com uma l\u00f3gica anterior que os via como &#8220;mini adultos&#8221; ou apenas como objetos de tutela do Estado. Durante mais de tr\u00eas d\u00e9cadas de vig\u00eancia, o ECA promoveu importantes transforma\u00e7\u00f5es sociais e institucionais, das quais se destacam:<\/p>\n\n\n\n<p>Redu\u00e7\u00e3o da mortalidade infantil, gra\u00e7as \u00e0 implementa\u00e7\u00e3o de pol\u00edticas p\u00fablicas voltadas \u00e0 sa\u00fade materno-infantil e ao acompanhamento familiar;<\/p>\n\n\n\n<p>Amplia\u00e7\u00e3o da escolariza\u00e7\u00e3o, com a obrigatoriedade do ensino fundamental e maior acesso \u00e0 educa\u00e7\u00e3o infantil;<\/p>\n\n\n\n<p>Cria\u00e7\u00e3o e fortalecimento dos Conselhos Tutelares, \u00f3rg\u00e3os aut\u00f4nomos essenciais para a prote\u00e7\u00e3o local de crian\u00e7as e adolescentes;<\/p>\n\n\n\n<p>Combate ao trabalho infantil, com leis mais r\u00edgidas e fiscaliza\u00e7\u00e3o integrada;<\/p>\n\n\n\n<p>Prote\u00e7\u00e3o contra a viol\u00eancia, especialmente no \u00e2mbito dom\u00e9stico e institucional, com pol\u00edticas p\u00fablicas voltadas \u00e0 den\u00fancia e acolhimento das v\u00edtimas;<\/p>\n\n\n\n<p>Avan\u00e7os nos processos de ado\u00e7\u00e3o, tornando-os mais c\u00e9leres, transparentes e centrados no interesse da crian\u00e7a;<\/p>\n\n\n\n<p>Sistema Nacional de Atendimento Socioeducativo (SINASE), que consolidou diretrizes para o atendimento de adolescentes em conflito com a lei.<\/p>\n\n\n\n<p>Apesar dos avan\u00e7os, o caminho para a plena efetividade dos direitos previstos no ECA ainda enfrenta obst\u00e1culos significativos. Entre eles:<\/p>\n\n\n\n<p>A viol\u00eancia contra crian\u00e7as e adolescentes ainda \u00e9 alarmante, especialmente em \u00e1reas de vulnerabilidade social e contra jovens negros;<\/p>\n\n\n\n<p>H\u00e1 falhas na implementa\u00e7\u00e3o de pol\u00edticas p\u00fablicas em muitos munic\u00edpios, frequentemente prejudicadas por falta de recursos ou de prioridade governamental;<\/p>\n\n\n\n<p>O acesso \u00e0 sa\u00fade mental para crian\u00e7as e adolescentes segue insuficiente, agravado ap\u00f3s os efeitos da pandemia de COVID-19;<\/p>\n\n\n\n<p>A explora\u00e7\u00e3o sexual e o trabalho infantil persistem como viola\u00e7\u00f5es recorrentes;<\/p>\n\n\n\n<p>Muitos Conselhos Tutelares operam com estruturas prec\u00e1rias, profissionais desvalorizados e sem capacita\u00e7\u00e3o adequada;<\/p>\n\n\n\n<p>A crise econ\u00f4mica atual compromete a efetividade de direitos expressamente garantidos pela lei.<\/p>\n\n\n\n<p>O que ainda precisa ser feito?<\/p>\n\n\n\n<p>O ECA \u00e9 uma lei viva, e como tal, precisa evoluir junto com as transforma\u00e7\u00f5es sociais e tecnol\u00f3gicas. Dentre os pontos que demandam aten\u00e7\u00e3o e atualiza\u00e7\u00e3o, destacam-se:<\/p>\n\n\n\n<p>Investimentos estruturais e de longo prazo em pol\u00edticas p\u00fablicas voltadas \u00e0 inf\u00e2ncia e juventude;<\/p>\n\n\n\n<p>Forma\u00e7\u00e3o continuada e valoriza\u00e7\u00e3o profissional para todos que atuam na rede de prote\u00e7\u00e3o, como conselheiros tutelares, assistentes sociais, educadores e operadores do direito;<\/p>\n\n\n\n<p>Revis\u00e3o de normas para lidar com novos fen\u00f4menos, como o cyberbullying, a exposi\u00e7\u00e3o precoce \u00e0 internet e o uso excessivo de tecnologias;<\/p>\n\n\n\n<p>Fomento \u00e0 participa\u00e7\u00e3o juvenil em espa\u00e7os de decis\u00e3o pol\u00edtica e social, como gr\u00eamios, conselhos de juventude e parlamentos jovens;<\/p>\n\n\n\n<p>Inclus\u00e3o de disciplinas obrigat\u00f3rias nas escolas p\u00fablicas, como Direitos da Crian\u00e7a (ECA), \u00c9tica, Cidadania, Economia e Civismo.<\/p>\n\n\n\n<p>Mais do que um marco jur\u00eddico, o ECA representa um compromisso coletivo com o presente e o futuro da na\u00e7\u00e3o. A melhor forma de celebrar seus 35 anos \u00e9 assegurar que seus princ\u00edpios sejam plenamente aplicados em cada escola, bairro, comunidade e munic\u00edpio do pa\u00eds.<\/p>\n\n\n\n<p>A verdadeira homenagem ao ECA est\u00e1 na constru\u00e7\u00e3o de um Brasil onde cada crian\u00e7a e adolescente tenha seus direitos respeitados, protegidos e promovidos, n\u00e3o apenas na letra da lei, mas tamb\u00e9m na realidade cotidiana.<\/p>\n\n\n\n<p><\/p>\n","protected":false},"excerpt":{"rendered":"<p>, Por UNIARAX\u00c1 No \u00faltimo dia 13 de julho, o Estatuto da Crian\u00e7a e do Adolescente (ECA) completou 35 anos<\/p>\n","protected":false},"author":2,"featured_media":8610,"comment_status":"open","ping_status":"open","sticky":false,"template":"","format":"standard","meta":{"footnotes":""},"categories":[9,11],"tags":[],"class_list":["post-8609","post","type-post","status-publish","format-standard","has-post-thumbnail","hentry","category-araxa","category-destaques"],"_links":{"self":[{"href":"http:\/\/blogdoarmindomaia.com.br\/index.php?rest_route=\/wp\/v2\/posts\/8609","targetHints":{"allow":["GET"]}}],"collection":[{"href":"http:\/\/blogdoarmindomaia.com.br\/index.php?rest_route=\/wp\/v2\/posts"}],"about":[{"href":"http:\/\/blogdoarmindomaia.com.br\/index.php?rest_route=\/wp\/v2\/types\/post"}],"author":[{"embeddable":true,"href":"http:\/\/blogdoarmindomaia.com.br\/index.php?rest_route=\/wp\/v2\/users\/2"}],"replies":[{"embeddable":true,"href":"http:\/\/blogdoarmindomaia.com.br\/index.php?rest_route=%2Fwp%2Fv2%2Fcomments&post=8609"}],"version-history":[{"count":1,"href":"http:\/\/blogdoarmindomaia.com.br\/index.php?rest_route=\/wp\/v2\/posts\/8609\/revisions"}],"predecessor-version":[{"id":8611,"href":"http:\/\/blogdoarmindomaia.com.br\/index.php?rest_route=\/wp\/v2\/posts\/8609\/revisions\/8611"}],"wp:featuredmedia":[{"embeddable":true,"href":"http:\/\/blogdoarmindomaia.com.br\/index.php?rest_route=\/wp\/v2\/media\/8610"}],"wp:attachment":[{"href":"http:\/\/blogdoarmindomaia.com.br\/index.php?rest_route=%2Fwp%2Fv2%2Fmedia&parent=8609"}],"wp:term":[{"taxonomy":"category","embeddable":true,"href":"http:\/\/blogdoarmindomaia.com.br\/index.php?rest_route=%2Fwp%2Fv2%2Fcategories&post=8609"},{"taxonomy":"post_tag","embeddable":true,"href":"http:\/\/blogdoarmindomaia.com.br\/index.php?rest_route=%2Fwp%2Fv2%2Ftags&post=8609"}],"curies":[{"name":"wp","href":"https:\/\/api.w.org\/{rel}","templated":true}]}}