{"id":8612,"date":"2025-07-24T14:18:11","date_gmt":"2025-07-24T17:18:11","guid":{"rendered":"http:\/\/blogdoarmindomaia.com.br\/?p=8612"},"modified":"2025-07-24T14:18:12","modified_gmt":"2025-07-24T17:18:12","slug":"escritora-de-ibia-e-eleita-a-primeira-mulher-negra-da-academia-brasileira-de-letras","status":"publish","type":"post","link":"http:\/\/blogdoarmindomaia.com.br\/?p=8612","title":{"rendered":"Escritora de Ibi\u00e1 \u00e9 eleita a primeira mulher negra da Academia Brasileira de Letras"},"content":{"rendered":"\n<figure class=\"wp-block-image size-full\"><img loading=\"lazy\" decoding=\"async\" width=\"768\" height=\"510\" src=\"http:\/\/blogdoarmindomaia.com.br\/wp-content\/uploads\/2025\/07\/Escritora-de-Ibia-e-eleita-a-primeira-mulher-negra-da-Academia-Brasileira-de-Letras-pag-13.png\" alt=\"\" class=\"wp-image-8613\" srcset=\"http:\/\/blogdoarmindomaia.com.br\/wp-content\/uploads\/2025\/07\/Escritora-de-Ibia-e-eleita-a-primeira-mulher-negra-da-Academia-Brasileira-de-Letras-pag-13.png 768w, http:\/\/blogdoarmindomaia.com.br\/wp-content\/uploads\/2025\/07\/Escritora-de-Ibia-e-eleita-a-primeira-mulher-negra-da-Academia-Brasileira-de-Letras-pag-13-300x199.png 300w\" sizes=\"auto, (max-width: 768px) 100vw, 768px\" \/><\/figure>\n\n\n\n<p>Pela primeira vez desde sua funda\u00e7\u00e3o, h\u00e1 128 anos, a\u00a0<strong>Academia Brasileira de Letras (ABL)<\/strong>\u00a0ter\u00e1 uma mulher negra entre seus integrantes. A escritora, roteirista, publicit\u00e1ria e dramaturga Ana Maria Gon\u00e7alves foi eleita no \u00faltimo dia 10 de julho,\u00a0 para ocupar a cadeira n\u00famero 33, com 30 votos entre os 31 poss\u00edveis. A vaga estava aberta desde a morte do gram\u00e1tico Evanildo Bechara, em maio deste ano. Mineira de Ibi\u00e1, Ana Maria tem 55 anos e uma trajet\u00f3ria marcada pela literatura, teatro e pelo enfrentamento do racismo. Ficou conhecida em todo o pa\u00eds com o lan\u00e7amento de \u201cUm defeito de cor\u201d, em 2006, obra que narra a vida de Kehinde, uma menina africana capturada como escravizada aos oito anos, que atravessa o Atl\u00e2ntico e retorna d\u00e9cadas depois ao continente africano, j\u00e1 como uma mulher livre. O romance \u00e9 inspirado nas trajet\u00f3rias de Lu\u00edsa Mahin e Luiz Gama e venceu o Pr\u00eamio Casa de las Am\u00e9ricas, em 2007. Em 2024, Um defeito de cor foi o enredo da escola de samba Portela no carnaval do Rio de Janeiro, desenvolvido pelos carnavalescos Andr\u00e9 Rodrigues e Ant\u00f4nio Gonzaga e pelos pesquisadores Beatriz Chaves e Marcelo D. Macedo. O desfile foi premiado com o Estandarte de Ouro. \u201cEscritora, roteirista e dramaturga, ela \u00e9 autora do aclamado romance Um Defeito de Cor, vencedor do Pr\u00eamio Casa de las Am\u00e9ricas (2007) e eleito como melhor<strong>\u00a0livro<\/strong>\u00a0de literatura brasileira do s\u00e9culo 21 por j\u00fari da Folha de S.Paulo, inspirou o samba-enredo da escola de samba Portela no carnaval de 2024 no Rio de Janeiro\u201d, expressou a academia em suas redes sociais.Mesmo tendo vivido fora do Brasil, especialmente durante os anos em que morou em New Orleans, nos Estados Unidos, Ana Maria seguiu participando ativamente do debate p\u00fablico no pa\u00eds. Foi escritora residente em universidades como Stanford, Tulane e Middlebury e manteve articula\u00e7\u00e3o com pautas ligadas \u00e0 mem\u00f3ria, literatura e justi\u00e7a racial. Em 2010, se posicionou sobre o debate envolvendo o livro As ca\u00e7adas de Pedrinho, de Monteiro Lobato, denunciado por conter passagens racistas. A autora publicou artigos que aprofundaram a discuss\u00e3o e confrontaram o silenciamento sobre a representa\u00e7\u00e3o de pessoas negras na literatura brasileira. Anos depois, Ana Maria voltou a se manifestar publicamente ap\u00f3s a veicula\u00e7\u00e3o de um comercial da Caixa Econ\u00f4mica Federal que retratava Machado de Assis com um ator branco. A escolha gerou rea\u00e7\u00e3o de diversos setores, incluindo da escritora, que cobrou corre\u00e7\u00f5es hist\u00f3ricas. O banco acabou pedindo desculpas e produziu nova pe\u00e7a publicit\u00e1ria, dessa vez com um ator negro no papel do autor. Al\u00e9m de Um defeito de cor, Ana Maria tamb\u00e9m \u00e9 autora de \u201cAo lado e \u00e0 margem do que sentes por mim\u201d (2002), \u201cDiversos\u201d (2015), \u201cTchau querida\u201d (2016) e coautora de pe\u00e7as como \u201cPretoperitamar\u201d (2019), ao lado de Grace Pass\u00f4.<\/p>\n","protected":false},"excerpt":{"rendered":"<p>Pela primeira vez desde sua funda\u00e7\u00e3o, h\u00e1 128 anos, a\u00a0Academia Brasileira de Letras (ABL)\u00a0ter\u00e1 uma mulher negra entre seus integrantes.<\/p>\n","protected":false},"author":2,"featured_media":8613,"comment_status":"open","ping_status":"open","sticky":false,"template":"","format":"standard","meta":{"footnotes":""},"categories":[9,11],"tags":[],"class_list":["post-8612","post","type-post","status-publish","format-standard","has-post-thumbnail","hentry","category-araxa","category-destaques"],"_links":{"self":[{"href":"http:\/\/blogdoarmindomaia.com.br\/index.php?rest_route=\/wp\/v2\/posts\/8612","targetHints":{"allow":["GET"]}}],"collection":[{"href":"http:\/\/blogdoarmindomaia.com.br\/index.php?rest_route=\/wp\/v2\/posts"}],"about":[{"href":"http:\/\/blogdoarmindomaia.com.br\/index.php?rest_route=\/wp\/v2\/types\/post"}],"author":[{"embeddable":true,"href":"http:\/\/blogdoarmindomaia.com.br\/index.php?rest_route=\/wp\/v2\/users\/2"}],"replies":[{"embeddable":true,"href":"http:\/\/blogdoarmindomaia.com.br\/index.php?rest_route=%2Fwp%2Fv2%2Fcomments&post=8612"}],"version-history":[{"count":1,"href":"http:\/\/blogdoarmindomaia.com.br\/index.php?rest_route=\/wp\/v2\/posts\/8612\/revisions"}],"predecessor-version":[{"id":8614,"href":"http:\/\/blogdoarmindomaia.com.br\/index.php?rest_route=\/wp\/v2\/posts\/8612\/revisions\/8614"}],"wp:featuredmedia":[{"embeddable":true,"href":"http:\/\/blogdoarmindomaia.com.br\/index.php?rest_route=\/wp\/v2\/media\/8613"}],"wp:attachment":[{"href":"http:\/\/blogdoarmindomaia.com.br\/index.php?rest_route=%2Fwp%2Fv2%2Fmedia&parent=8612"}],"wp:term":[{"taxonomy":"category","embeddable":true,"href":"http:\/\/blogdoarmindomaia.com.br\/index.php?rest_route=%2Fwp%2Fv2%2Fcategories&post=8612"},{"taxonomy":"post_tag","embeddable":true,"href":"http:\/\/blogdoarmindomaia.com.br\/index.php?rest_route=%2Fwp%2Fv2%2Ftags&post=8612"}],"curies":[{"name":"wp","href":"https:\/\/api.w.org\/{rel}","templated":true}]}}