{"id":8621,"date":"2025-07-29T15:56:34","date_gmt":"2025-07-29T18:56:34","guid":{"rendered":"http:\/\/blogdoarmindomaia.com.br\/?p=8621"},"modified":"2025-07-29T15:56:34","modified_gmt":"2025-07-29T18:56:34","slug":"congresso-da-federaminas-tera-emissoes-de-carbono-neutralizadas-pela-1a-vez","status":"publish","type":"post","link":"http:\/\/blogdoarmindomaia.com.br\/?p=8621","title":{"rendered":"Congresso da Federaminas ter\u00e1 emiss\u00f5es de carbono neutralizadas pela 1\u00aa vez"},"content":{"rendered":"\n<figure class=\"wp-block-image size-large\"><img loading=\"lazy\" decoding=\"async\" width=\"1024\" height=\"683\" src=\"http:\/\/blogdoarmindomaia.com.br\/wp-content\/uploads\/2025\/07\/Congresso-da-Federaminas-tera-emissoes-de-carbono-neutralizadas-pela-1a-vez-pag-11-1024x683.jpg\" alt=\"\" class=\"wp-image-8622\" srcset=\"http:\/\/blogdoarmindomaia.com.br\/wp-content\/uploads\/2025\/07\/Congresso-da-Federaminas-tera-emissoes-de-carbono-neutralizadas-pela-1a-vez-pag-11-1024x683.jpg 1024w, http:\/\/blogdoarmindomaia.com.br\/wp-content\/uploads\/2025\/07\/Congresso-da-Federaminas-tera-emissoes-de-carbono-neutralizadas-pela-1a-vez-pag-11-300x200.jpg 300w, http:\/\/blogdoarmindomaia.com.br\/wp-content\/uploads\/2025\/07\/Congresso-da-Federaminas-tera-emissoes-de-carbono-neutralizadas-pela-1a-vez-pag-11-768x512.jpg 768w, http:\/\/blogdoarmindomaia.com.br\/wp-content\/uploads\/2025\/07\/Congresso-da-Federaminas-tera-emissoes-de-carbono-neutralizadas-pela-1a-vez-pag-11.jpg 1280w\" sizes=\"auto, (max-width: 1024px) 100vw, 1024px\" \/><\/figure>\n\n\n\n<figure class=\"wp-block-table\"><table class=\"has-fixed-layout\"><tbody><tr><td>&nbsp; &nbsp; Pela primeira vez, o Congresso da Federaminas vai neutralizar todas as emiss\u00f5es de carbono geradas durante o evento. A iniciativa foi viabilizada por meio de uma parceria com a empresa E2Carbon, especializada em projetos ambientais e gest\u00e3o de cr\u00e9ditos de carbono. O c\u00e1lculo inclui deslocamentos, consumo de energia, res\u00edduos e demais fontes de emiss\u00e3o de gases de efeito estufa (GEE) relacionadas \u00e0 realiza\u00e7\u00e3o do congresso. A compensa\u00e7\u00e3o ser\u00e1 feita com cr\u00e9ditos certificados do projeto CM Serras da Mantiqueira, desenvolvido por produtores de caf\u00e9 do estado. A a\u00e7\u00e3o envolve a preserva\u00e7\u00e3o de florestas nativas, a ado\u00e7\u00e3o de pr\u00e1ticas sustent\u00e1veis e a gera\u00e7\u00e3o de cr\u00e9ditos de carbono audit\u00e1veis. \u201cO cr\u00e9dito de carbono \u00e9 um ativo que vem de um processo ambiental. \u00c9 o reconhecimento de uma pr\u00e1tica que gera uma menor emiss\u00e3o ou uma maior captura de carbono. No caso do Congresso da Federaminas, os cr\u00e9ditos s\u00e3o de tr\u00eas produtores rurais de Minas Gerais. Tudo \u00e9 audit\u00e1vel, mensur\u00e1vel e est\u00e1 pr\u00f3ximo dos empres\u00e1rios e da pr\u00f3pria entidade\u201d, explica Rafael Melo, diretor da E2Carbon. Para o presidente da institui\u00e7\u00e3o, Valmir Rodrigues, a a\u00e7\u00e3o representa um avan\u00e7o no compromisso com a sustentabilidade. A neutraliza\u00e7\u00e3o de carbono \u00e9 uma das estrat\u00e9gias reconhecidas para mitigar os efeitos das mudan\u00e7as clim\u00e1ticas. Ela integra os princ\u00edpios do ESG (ambiental, social e governan\u00e7a), cada vez mais exigidos no ambiente corporativo. O Congresso vai ser realizado no Grande Hotel do Barreiro entre 30 de outubro e 02 de novembro de 2025.<\/td><\/tr><\/tbody><\/table><\/figure>\n","protected":false},"excerpt":{"rendered":"<p>&nbsp; &nbsp; Pela primeira vez, o Congresso da Federaminas vai neutralizar todas as emiss\u00f5es de carbono geradas durante o evento.<\/p>\n","protected":false},"author":2,"featured_media":8622,"comment_status":"open","ping_status":"open","sticky":false,"template":"","format":"standard","meta":{"footnotes":""},"categories":[9,11],"tags":[],"class_list":["post-8621","post","type-post","status-publish","format-standard","has-post-thumbnail","hentry","category-araxa","category-destaques"],"_links":{"self":[{"href":"http:\/\/blogdoarmindomaia.com.br\/index.php?rest_route=\/wp\/v2\/posts\/8621","targetHints":{"allow":["GET"]}}],"collection":[{"href":"http:\/\/blogdoarmindomaia.com.br\/index.php?rest_route=\/wp\/v2\/posts"}],"about":[{"href":"http:\/\/blogdoarmindomaia.com.br\/index.php?rest_route=\/wp\/v2\/types\/post"}],"author":[{"embeddable":true,"href":"http:\/\/blogdoarmindomaia.com.br\/index.php?rest_route=\/wp\/v2\/users\/2"}],"replies":[{"embeddable":true,"href":"http:\/\/blogdoarmindomaia.com.br\/index.php?rest_route=%2Fwp%2Fv2%2Fcomments&post=8621"}],"version-history":[{"count":1,"href":"http:\/\/blogdoarmindomaia.com.br\/index.php?rest_route=\/wp\/v2\/posts\/8621\/revisions"}],"predecessor-version":[{"id":8623,"href":"http:\/\/blogdoarmindomaia.com.br\/index.php?rest_route=\/wp\/v2\/posts\/8621\/revisions\/8623"}],"wp:featuredmedia":[{"embeddable":true,"href":"http:\/\/blogdoarmindomaia.com.br\/index.php?rest_route=\/wp\/v2\/media\/8622"}],"wp:attachment":[{"href":"http:\/\/blogdoarmindomaia.com.br\/index.php?rest_route=%2Fwp%2Fv2%2Fmedia&parent=8621"}],"wp:term":[{"taxonomy":"category","embeddable":true,"href":"http:\/\/blogdoarmindomaia.com.br\/index.php?rest_route=%2Fwp%2Fv2%2Fcategories&post=8621"},{"taxonomy":"post_tag","embeddable":true,"href":"http:\/\/blogdoarmindomaia.com.br\/index.php?rest_route=%2Fwp%2Fv2%2Ftags&post=8621"}],"curies":[{"name":"wp","href":"https:\/\/api.w.org\/{rel}","templated":true}]}}