{"id":8633,"date":"2025-07-30T15:32:27","date_gmt":"2025-07-30T18:32:27","guid":{"rendered":"http:\/\/blogdoarmindomaia.com.br\/?p=8633"},"modified":"2025-07-30T15:32:27","modified_gmt":"2025-07-30T18:32:27","slug":"arraia-da-apae-de-araxa-reune-comunidade-e-arrecada-quase-300-kg-de-alimentos","status":"publish","type":"post","link":"http:\/\/blogdoarmindomaia.com.br\/?p=8633","title":{"rendered":"\u00a0Arrai\u00e1 da APAE de Arax\u00e1 re\u00fane comunidade e arrecada quase 300 kg de alimentos"},"content":{"rendered":"\n<figure class=\"wp-block-image size-large\"><img loading=\"lazy\" decoding=\"async\" width=\"1024\" height=\"681\" src=\"http:\/\/blogdoarmindomaia.com.br\/wp-content\/uploads\/2025\/07\/Arraia-da-APAE-de-Araxa-reune-comunidade-e-arrecada-quase-300-kg-de-alimentos-pag-13-1024x681.jpg\" alt=\"\" class=\"wp-image-8634\" srcset=\"http:\/\/blogdoarmindomaia.com.br\/wp-content\/uploads\/2025\/07\/Arraia-da-APAE-de-Araxa-reune-comunidade-e-arrecada-quase-300-kg-de-alimentos-pag-13-1024x681.jpg 1024w, http:\/\/blogdoarmindomaia.com.br\/wp-content\/uploads\/2025\/07\/Arraia-da-APAE-de-Araxa-reune-comunidade-e-arrecada-quase-300-kg-de-alimentos-pag-13-300x200.jpg 300w, http:\/\/blogdoarmindomaia.com.br\/wp-content\/uploads\/2025\/07\/Arraia-da-APAE-de-Araxa-reune-comunidade-e-arrecada-quase-300-kg-de-alimentos-pag-13-768x511.jpg 768w, http:\/\/blogdoarmindomaia.com.br\/wp-content\/uploads\/2025\/07\/Arraia-da-APAE-de-Araxa-reune-comunidade-e-arrecada-quase-300-kg-de-alimentos-pag-13-1536x1022.jpg 1536w, http:\/\/blogdoarmindomaia.com.br\/wp-content\/uploads\/2025\/07\/Arraia-da-APAE-de-Araxa-reune-comunidade-e-arrecada-quase-300-kg-de-alimentos-pag-13-2048x1363.jpg 2048w\" sizes=\"auto, (max-width: 1024px) 100vw, 1024px\" \/><\/figure>\n\n\n\n<p>A Associa\u00e7\u00e3o de Pais e Amigos dos Excepcionais (APAE) de Arax\u00e1 promoveu mais uma edi\u00e7\u00e3o do j\u00e1 tradicional Arrai\u00e1 da APAE, um evento que une cultura popular, inclus\u00e3o social e solidariedade. Realizado na sede da institui\u00e7\u00e3o, a festa atraiu cerca de 500 pessoas, entre comunidade, alunos e colaboradores.<br><br>Al\u00e9m de celebrar as festividades juninas, o evento teve um forte car\u00e1ter social: foram arrecadados quase 300kg de alimentos, que ser\u00e3o destinados ao atendimento das fam\u00edlias assistidas pela entidade.<br><br>A programa\u00e7\u00e3o contou com m\u00fasica ao vivo, comidas t\u00edpicas, brincadeiras tradicionais, espa\u00e7o kids e diversas atra\u00e7\u00f5es culturais. Subiram ao palco nomes como Leandro Soares (da dupla Fl\u00e1vio &amp; Leandro), o grupo Samba Quente, os DJs Guvi e Gabi, al\u00e9m da emocionante apresenta\u00e7\u00e3o da Banda Dupai, composta por jovens atendidos pela APAE.<br><br>O principal objetivo do Arrai\u00e1 vai al\u00e9m da festa: a proposta \u00e9 promover a inclus\u00e3o, unindo pessoas com e sem defici\u00eancia, de todas as idades, classes sociais e perfis, em um espa\u00e7o de conviv\u00eancia, respeito e divers\u00e3o. O evento tamb\u00e9m buscou conscientizar a popula\u00e7\u00e3o sobre a import\u00e2ncia da diversidade, al\u00e9m de arrecadar recursos e fortalecer o v\u00ednculo da APAE com a popula\u00e7\u00e3o.<br><br>Atualmente, a APAE de Arax\u00e1 realiza mais de 5 mil atendimentos rotativos, voltados a pessoas com defici\u00eancia de todas as idades, desde crian\u00e7as at\u00e9 idosos. A entidade oferece servi\u00e7os como fisioterapia, psicologia, terapia ocupacional, atividades f\u00edsicas e projetos sociais, todos gratuitos, mediante encaminhamento pelo SUS ou por meio de conv\u00eanios com a Prefeitura de Arax\u00e1.<\/p>\n","protected":false},"excerpt":{"rendered":"<p>A Associa\u00e7\u00e3o de Pais e Amigos dos Excepcionais (APAE) de Arax\u00e1 promoveu mais uma edi\u00e7\u00e3o do j\u00e1 tradicional Arrai\u00e1 da<\/p>\n","protected":false},"author":2,"featured_media":8634,"comment_status":"open","ping_status":"open","sticky":false,"template":"","format":"standard","meta":{"footnotes":""},"categories":[9,11],"tags":[],"class_list":["post-8633","post","type-post","status-publish","format-standard","has-post-thumbnail","hentry","category-araxa","category-destaques"],"_links":{"self":[{"href":"http:\/\/blogdoarmindomaia.com.br\/index.php?rest_route=\/wp\/v2\/posts\/8633","targetHints":{"allow":["GET"]}}],"collection":[{"href":"http:\/\/blogdoarmindomaia.com.br\/index.php?rest_route=\/wp\/v2\/posts"}],"about":[{"href":"http:\/\/blogdoarmindomaia.com.br\/index.php?rest_route=\/wp\/v2\/types\/post"}],"author":[{"embeddable":true,"href":"http:\/\/blogdoarmindomaia.com.br\/index.php?rest_route=\/wp\/v2\/users\/2"}],"replies":[{"embeddable":true,"href":"http:\/\/blogdoarmindomaia.com.br\/index.php?rest_route=%2Fwp%2Fv2%2Fcomments&post=8633"}],"version-history":[{"count":1,"href":"http:\/\/blogdoarmindomaia.com.br\/index.php?rest_route=\/wp\/v2\/posts\/8633\/revisions"}],"predecessor-version":[{"id":8635,"href":"http:\/\/blogdoarmindomaia.com.br\/index.php?rest_route=\/wp\/v2\/posts\/8633\/revisions\/8635"}],"wp:featuredmedia":[{"embeddable":true,"href":"http:\/\/blogdoarmindomaia.com.br\/index.php?rest_route=\/wp\/v2\/media\/8634"}],"wp:attachment":[{"href":"http:\/\/blogdoarmindomaia.com.br\/index.php?rest_route=%2Fwp%2Fv2%2Fmedia&parent=8633"}],"wp:term":[{"taxonomy":"category","embeddable":true,"href":"http:\/\/blogdoarmindomaia.com.br\/index.php?rest_route=%2Fwp%2Fv2%2Fcategories&post=8633"},{"taxonomy":"post_tag","embeddable":true,"href":"http:\/\/blogdoarmindomaia.com.br\/index.php?rest_route=%2Fwp%2Fv2%2Ftags&post=8633"}],"curies":[{"name":"wp","href":"https:\/\/api.w.org\/{rel}","templated":true}]}}