{"id":8636,"date":"2025-07-30T15:35:35","date_gmt":"2025-07-30T18:35:35","guid":{"rendered":"http:\/\/blogdoarmindomaia.com.br\/?p=8636"},"modified":"2025-07-30T15:35:35","modified_gmt":"2025-07-30T18:35:35","slug":"atleta-paralimpico-de-araxa-estreia-no-brasileiro-de-paraciclismo","status":"publish","type":"post","link":"http:\/\/blogdoarmindomaia.com.br\/?p=8636","title":{"rendered":"Atleta paral\u00edmpico de Arax\u00e1 estreia no Brasileiro de Paraciclismo"},"content":{"rendered":"\n<figure class=\"wp-block-image size-large\"><img loading=\"lazy\" decoding=\"async\" width=\"768\" height=\"1024\" src=\"http:\/\/blogdoarmindomaia.com.br\/wp-content\/uploads\/2025\/07\/Atleta-paralimpico-de-Araxa-estreia-no-Brasileiro-de-Paraciclismo-esporte-768x1024.jpeg\" alt=\"\" class=\"wp-image-8637\" srcset=\"http:\/\/blogdoarmindomaia.com.br\/wp-content\/uploads\/2025\/07\/Atleta-paralimpico-de-Araxa-estreia-no-Brasileiro-de-Paraciclismo-esporte-768x1024.jpeg 768w, http:\/\/blogdoarmindomaia.com.br\/wp-content\/uploads\/2025\/07\/Atleta-paralimpico-de-Araxa-estreia-no-Brasileiro-de-Paraciclismo-esporte-225x300.jpeg 225w, http:\/\/blogdoarmindomaia.com.br\/wp-content\/uploads\/2025\/07\/Atleta-paralimpico-de-Araxa-estreia-no-Brasileiro-de-Paraciclismo-esporte-1152x1536.jpeg 1152w, http:\/\/blogdoarmindomaia.com.br\/wp-content\/uploads\/2025\/07\/Atleta-paralimpico-de-Araxa-estreia-no-Brasileiro-de-Paraciclismo-esporte.jpeg 1200w\" sizes=\"auto, (max-width: 768px) 100vw, 768px\" \/><\/figure>\n\n\n\n<p>O atleta paral\u00edmpico Thiago Ant\u00f4nio Mota, de Arax\u00e1, fez sua estreia no Campeonato Brasileiro de Paraciclismo disputado em Leme (SP). Com o apoio da Prefeitura, ele participou das provas de contrarrel\u00f3gio e resist\u00eancia, conquistando o nono lugar em ambas. Apesar de ser novato no paraciclismo, modalidade que iniciou em novembro do ano passado, Thiago j\u00e1 \u00e9 federado pela Federa\u00e7\u00e3o Mineira e pela Confedera\u00e7\u00e3o Brasileira de Ciclismo, e vem acumulando pontos no ranking nacional. Seu objetivo \u00e9 alcan\u00e7ar classifica\u00e7\u00f5es para disputar a Copa do Mundo, os Jogos Parapan-Americanos e, futuramente, as Paralimp\u00edadas. Al\u00e9m do ciclismo, Thiago tamb\u00e9m compete na nata\u00e7\u00e3o de alto rendimento. Em ambas as categorias, representa a equipe da APAE Arax\u00e1. \u201cEssa foi minha primeira participa\u00e7\u00e3o em um Campeonato Brasileiro de Paraciclismo. Fico feliz com os resultados e com o apoio que tenho recebido da prefeitura, dos meus familiares, amigos e, principalmente, do meu treinador Jhonathan Castro, que me acompanha nas duas modalidades e n\u00e3o mede esfor\u00e7os para me ajudar a evoluir. Isso faz toda a diferen\u00e7a\u201d, afirma Thiago, que \u00e9 parapl\u00e9gico desde 2007, ap\u00f3s um acidente de moto aos 23 anos.<\/p>\n","protected":false},"excerpt":{"rendered":"<p>O atleta paral\u00edmpico Thiago Ant\u00f4nio Mota, de Arax\u00e1, fez sua estreia no Campeonato Brasileiro de Paraciclismo disputado em Leme (SP).<\/p>\n","protected":false},"author":2,"featured_media":8637,"comment_status":"open","ping_status":"open","sticky":false,"template":"","format":"standard","meta":{"footnotes":""},"categories":[9,11],"tags":[],"class_list":["post-8636","post","type-post","status-publish","format-standard","has-post-thumbnail","hentry","category-araxa","category-destaques"],"_links":{"self":[{"href":"http:\/\/blogdoarmindomaia.com.br\/index.php?rest_route=\/wp\/v2\/posts\/8636","targetHints":{"allow":["GET"]}}],"collection":[{"href":"http:\/\/blogdoarmindomaia.com.br\/index.php?rest_route=\/wp\/v2\/posts"}],"about":[{"href":"http:\/\/blogdoarmindomaia.com.br\/index.php?rest_route=\/wp\/v2\/types\/post"}],"author":[{"embeddable":true,"href":"http:\/\/blogdoarmindomaia.com.br\/index.php?rest_route=\/wp\/v2\/users\/2"}],"replies":[{"embeddable":true,"href":"http:\/\/blogdoarmindomaia.com.br\/index.php?rest_route=%2Fwp%2Fv2%2Fcomments&post=8636"}],"version-history":[{"count":1,"href":"http:\/\/blogdoarmindomaia.com.br\/index.php?rest_route=\/wp\/v2\/posts\/8636\/revisions"}],"predecessor-version":[{"id":8638,"href":"http:\/\/blogdoarmindomaia.com.br\/index.php?rest_route=\/wp\/v2\/posts\/8636\/revisions\/8638"}],"wp:featuredmedia":[{"embeddable":true,"href":"http:\/\/blogdoarmindomaia.com.br\/index.php?rest_route=\/wp\/v2\/media\/8637"}],"wp:attachment":[{"href":"http:\/\/blogdoarmindomaia.com.br\/index.php?rest_route=%2Fwp%2Fv2%2Fmedia&parent=8636"}],"wp:term":[{"taxonomy":"category","embeddable":true,"href":"http:\/\/blogdoarmindomaia.com.br\/index.php?rest_route=%2Fwp%2Fv2%2Fcategories&post=8636"},{"taxonomy":"post_tag","embeddable":true,"href":"http:\/\/blogdoarmindomaia.com.br\/index.php?rest_route=%2Fwp%2Fv2%2Ftags&post=8636"}],"curies":[{"name":"wp","href":"https:\/\/api.w.org\/{rel}","templated":true}]}}