{"id":8646,"date":"2025-07-31T14:28:51","date_gmt":"2025-07-31T17:28:51","guid":{"rendered":"http:\/\/blogdoarmindomaia.com.br\/?p=8646"},"modified":"2025-07-31T14:28:52","modified_gmt":"2025-07-31T17:28:52","slug":"araxa-se-prepara-para-o-sistema-de-videomonitoramento-com-reconhecimento-facial","status":"publish","type":"post","link":"http:\/\/blogdoarmindomaia.com.br\/?p=8646","title":{"rendered":"Arax\u00e1 se prepara para o sistema de videomonitoramento com reconhecimento facial"},"content":{"rendered":"\n<figure class=\"wp-block-image size-large\"><img loading=\"lazy\" decoding=\"async\" width=\"1024\" height=\"576\" src=\"http:\/\/blogdoarmindomaia.com.br\/wp-content\/uploads\/2025\/07\/Araxa-se-prepara-para-o-sistema-de-videomonitoramento-com-reconhecimento-facial-pag-05-1024x576.jpeg\" alt=\"\" class=\"wp-image-8647\" srcset=\"http:\/\/blogdoarmindomaia.com.br\/wp-content\/uploads\/2025\/07\/Araxa-se-prepara-para-o-sistema-de-videomonitoramento-com-reconhecimento-facial-pag-05-1024x576.jpeg 1024w, http:\/\/blogdoarmindomaia.com.br\/wp-content\/uploads\/2025\/07\/Araxa-se-prepara-para-o-sistema-de-videomonitoramento-com-reconhecimento-facial-pag-05-300x169.jpeg 300w, http:\/\/blogdoarmindomaia.com.br\/wp-content\/uploads\/2025\/07\/Araxa-se-prepara-para-o-sistema-de-videomonitoramento-com-reconhecimento-facial-pag-05-768x432.jpeg 768w, http:\/\/blogdoarmindomaia.com.br\/wp-content\/uploads\/2025\/07\/Araxa-se-prepara-para-o-sistema-de-videomonitoramento-com-reconhecimento-facial-pag-05-1536x864.jpeg 1536w, http:\/\/blogdoarmindomaia.com.br\/wp-content\/uploads\/2025\/07\/Araxa-se-prepara-para-o-sistema-de-videomonitoramento-com-reconhecimento-facial-pag-05.jpeg 1600w\" sizes=\"auto, (max-width: 1024px) 100vw, 1024px\" \/><\/figure>\n\n\n\n<p><strong>\u00a0<\/strong>A Prefeitura de Arax\u00e1 estuda a amplia\u00e7\u00e3o e moderniza\u00e7\u00e3o do sistema de videomonitoramento da cidade com o uso de tecnologia de ponta e intelig\u00eancia artificial. Na \u00faltima semana, a secret\u00e1ria municipal de Seguran\u00e7a P\u00fablica, Naiara Pacheco, se reuniu com F\u00e1bio Feitosa, diretor de tecnologia da empresa respons\u00e1vel pelo desenvolvimento do Smart Sampa. Durante o encontro, realizado no gabinete da secret\u00e1ria, F\u00e1bio apresentou as funcionalidades do sistema e esclareceu d\u00favidas sobre a aplica\u00e7\u00e3o da tecnologia em Arax\u00e1. O empres\u00e1rio ainda ressaltou que o objetivo \u00e9 levar a proposta a munic\u00edpios com mais de 100 mil habitantes e destacou o avan\u00e7o do processo em Arax\u00e1. \u201cA cidade j\u00e1 tem conhecimento da legisla\u00e7\u00e3o e tomou provid\u00eancias t\u00e9cnicas e jur\u00eddicas para utilizar o recurso da Contribui\u00e7\u00e3o para o Custeio do Servi\u00e7o de Ilumina\u00e7\u00e3o P\u00fablica (Cosip) no monitoramento de logradouros, o que vai melhorar a seguran\u00e7a da popula\u00e7\u00e3o\u201d, disse. De acordo com Naiara Pacheco, a nova licita\u00e7\u00e3o para o videomonitoramento busca incorporar tecnologias modernas. Entre elas, est\u00e3o o reconhecimento facial, a identifica\u00e7\u00e3o de ve\u00edculos e foragidos da Justi\u00e7a, o monitoramento de situa\u00e7\u00f5es de viol\u00eancia urbana, al\u00e9m do aux\u00edlio na localiza\u00e7\u00e3o de pessoas desaparecidas.<\/p>\n","protected":false},"excerpt":{"rendered":"<p>\u00a0A Prefeitura de Arax\u00e1 estuda a amplia\u00e7\u00e3o e moderniza\u00e7\u00e3o do sistema de videomonitoramento da cidade com o uso de tecnologia<\/p>\n","protected":false},"author":2,"featured_media":8647,"comment_status":"open","ping_status":"open","sticky":false,"template":"","format":"standard","meta":{"footnotes":""},"categories":[9,11],"tags":[],"class_list":["post-8646","post","type-post","status-publish","format-standard","has-post-thumbnail","hentry","category-araxa","category-destaques"],"_links":{"self":[{"href":"http:\/\/blogdoarmindomaia.com.br\/index.php?rest_route=\/wp\/v2\/posts\/8646","targetHints":{"allow":["GET"]}}],"collection":[{"href":"http:\/\/blogdoarmindomaia.com.br\/index.php?rest_route=\/wp\/v2\/posts"}],"about":[{"href":"http:\/\/blogdoarmindomaia.com.br\/index.php?rest_route=\/wp\/v2\/types\/post"}],"author":[{"embeddable":true,"href":"http:\/\/blogdoarmindomaia.com.br\/index.php?rest_route=\/wp\/v2\/users\/2"}],"replies":[{"embeddable":true,"href":"http:\/\/blogdoarmindomaia.com.br\/index.php?rest_route=%2Fwp%2Fv2%2Fcomments&post=8646"}],"version-history":[{"count":1,"href":"http:\/\/blogdoarmindomaia.com.br\/index.php?rest_route=\/wp\/v2\/posts\/8646\/revisions"}],"predecessor-version":[{"id":8648,"href":"http:\/\/blogdoarmindomaia.com.br\/index.php?rest_route=\/wp\/v2\/posts\/8646\/revisions\/8648"}],"wp:featuredmedia":[{"embeddable":true,"href":"http:\/\/blogdoarmindomaia.com.br\/index.php?rest_route=\/wp\/v2\/media\/8647"}],"wp:attachment":[{"href":"http:\/\/blogdoarmindomaia.com.br\/index.php?rest_route=%2Fwp%2Fv2%2Fmedia&parent=8646"}],"wp:term":[{"taxonomy":"category","embeddable":true,"href":"http:\/\/blogdoarmindomaia.com.br\/index.php?rest_route=%2Fwp%2Fv2%2Fcategories&post=8646"},{"taxonomy":"post_tag","embeddable":true,"href":"http:\/\/blogdoarmindomaia.com.br\/index.php?rest_route=%2Fwp%2Fv2%2Ftags&post=8646"}],"curies":[{"name":"wp","href":"https:\/\/api.w.org\/{rel}","templated":true}]}}