{"id":8652,"date":"2025-07-31T14:33:05","date_gmt":"2025-07-31T17:33:05","guid":{"rendered":"http:\/\/blogdoarmindomaia.com.br\/?p=8652"},"modified":"2025-07-31T14:33:06","modified_gmt":"2025-07-31T17:33:06","slug":"domingo-tem-encontro-de-carros-antigos-em-araxa","status":"publish","type":"post","link":"http:\/\/blogdoarmindomaia.com.br\/?p=8652","title":{"rendered":"Domingo tem Encontro de Carros Antigos em Arax\u00e1"},"content":{"rendered":"\n<figure class=\"wp-block-image size-large\"><img loading=\"lazy\" decoding=\"async\" width=\"1024\" height=\"768\" src=\"http:\/\/blogdoarmindomaia.com.br\/wp-content\/uploads\/2025\/07\/Domingo-tem-Encontro-de-Carros-Antigos-em-Araxa-pag-05-1024x768.jpeg\" alt=\"\" class=\"wp-image-8653\" srcset=\"http:\/\/blogdoarmindomaia.com.br\/wp-content\/uploads\/2025\/07\/Domingo-tem-Encontro-de-Carros-Antigos-em-Araxa-pag-05-1024x768.jpeg 1024w, http:\/\/blogdoarmindomaia.com.br\/wp-content\/uploads\/2025\/07\/Domingo-tem-Encontro-de-Carros-Antigos-em-Araxa-pag-05-300x225.jpeg 300w, http:\/\/blogdoarmindomaia.com.br\/wp-content\/uploads\/2025\/07\/Domingo-tem-Encontro-de-Carros-Antigos-em-Araxa-pag-05-768x576.jpeg 768w, http:\/\/blogdoarmindomaia.com.br\/wp-content\/uploads\/2025\/07\/Domingo-tem-Encontro-de-Carros-Antigos-em-Araxa-pag-05-1536x1152.jpeg 1536w, http:\/\/blogdoarmindomaia.com.br\/wp-content\/uploads\/2025\/07\/Domingo-tem-Encontro-de-Carros-Antigos-em-Araxa-pag-05.jpeg 1600w\" sizes=\"auto, (max-width: 1024px) 100vw, 1024px\" \/><\/figure>\n\n\n\n<p>No pr\u00f3ximo domingo dia 3 de agosto, das 9h \u00e0s 18h, na Funda\u00e7\u00e3o Cultural Calmon Barreto, vai acontecer a edi\u00e7\u00e3o 2025 do Encontro de Carros Antigos de Arax\u00e1. O evento organizado pelo grupo\u00a0 \u201cCarburados\u201d, tem entrada gratuita celebra a tradi\u00e7\u00e3o automobil\u00edstica da cidade e convida toda a comunidade a revisitar mem\u00f3rias sobre os ve\u00edculos que marcaram gera\u00e7\u00f5es. Em exposi\u00e7\u00e3o: modelos como Moto CB 750 (1974), Chevrolet 51 (1951), Scania 111 (1976), Jipe (1969), Veraneio (1967), Dodge Magnum (1979), Fusca (1969), Opala SS (1976), entre outros modelos. O evento tamb\u00e9m oferecer\u00e1 pra\u00e7a de alimenta\u00e7\u00e3o.\u00a0<br><br><\/p>\n","protected":false},"excerpt":{"rendered":"<p>No pr\u00f3ximo domingo dia 3 de agosto, das 9h \u00e0s 18h, na Funda\u00e7\u00e3o Cultural Calmon Barreto, vai acontecer a edi\u00e7\u00e3o<\/p>\n","protected":false},"author":2,"featured_media":8653,"comment_status":"open","ping_status":"open","sticky":false,"template":"","format":"standard","meta":{"footnotes":""},"categories":[9,11],"tags":[],"class_list":["post-8652","post","type-post","status-publish","format-standard","has-post-thumbnail","hentry","category-araxa","category-destaques"],"_links":{"self":[{"href":"http:\/\/blogdoarmindomaia.com.br\/index.php?rest_route=\/wp\/v2\/posts\/8652","targetHints":{"allow":["GET"]}}],"collection":[{"href":"http:\/\/blogdoarmindomaia.com.br\/index.php?rest_route=\/wp\/v2\/posts"}],"about":[{"href":"http:\/\/blogdoarmindomaia.com.br\/index.php?rest_route=\/wp\/v2\/types\/post"}],"author":[{"embeddable":true,"href":"http:\/\/blogdoarmindomaia.com.br\/index.php?rest_route=\/wp\/v2\/users\/2"}],"replies":[{"embeddable":true,"href":"http:\/\/blogdoarmindomaia.com.br\/index.php?rest_route=%2Fwp%2Fv2%2Fcomments&post=8652"}],"version-history":[{"count":1,"href":"http:\/\/blogdoarmindomaia.com.br\/index.php?rest_route=\/wp\/v2\/posts\/8652\/revisions"}],"predecessor-version":[{"id":8654,"href":"http:\/\/blogdoarmindomaia.com.br\/index.php?rest_route=\/wp\/v2\/posts\/8652\/revisions\/8654"}],"wp:featuredmedia":[{"embeddable":true,"href":"http:\/\/blogdoarmindomaia.com.br\/index.php?rest_route=\/wp\/v2\/media\/8653"}],"wp:attachment":[{"href":"http:\/\/blogdoarmindomaia.com.br\/index.php?rest_route=%2Fwp%2Fv2%2Fmedia&parent=8652"}],"wp:term":[{"taxonomy":"category","embeddable":true,"href":"http:\/\/blogdoarmindomaia.com.br\/index.php?rest_route=%2Fwp%2Fv2%2Fcategories&post=8652"},{"taxonomy":"post_tag","embeddable":true,"href":"http:\/\/blogdoarmindomaia.com.br\/index.php?rest_route=%2Fwp%2Fv2%2Ftags&post=8652"}],"curies":[{"name":"wp","href":"https:\/\/api.w.org\/{rel}","templated":true}]}}