{"id":8667,"date":"2025-08-06T15:10:30","date_gmt":"2025-08-06T18:10:30","guid":{"rendered":"http:\/\/blogdoarmindomaia.com.br\/?p=8667"},"modified":"2025-08-06T15:10:30","modified_gmt":"2025-08-06T18:10:30","slug":"24o-dancaraxa-acontece-na-proxima-semana-com-recorde-de-participacao","status":"publish","type":"post","link":"http:\/\/blogdoarmindomaia.com.br\/?p=8667","title":{"rendered":"24\u00ba DAN\u00c7ARAX\u00c1\u00a0 acontece na pr\u00f3xima semana com recorde de participa\u00e7\u00e3o"},"content":{"rendered":"\n<figure class=\"wp-block-image size-large\"><img loading=\"lazy\" decoding=\"async\" width=\"1024\" height=\"683\" src=\"http:\/\/blogdoarmindomaia.com.br\/wp-content\/uploads\/2025\/08\/Dancaraxa-4-1024x683.jpg\" alt=\"\" class=\"wp-image-8668\" srcset=\"http:\/\/blogdoarmindomaia.com.br\/wp-content\/uploads\/2025\/08\/Dancaraxa-4-1024x683.jpg 1024w, http:\/\/blogdoarmindomaia.com.br\/wp-content\/uploads\/2025\/08\/Dancaraxa-4-300x200.jpg 300w, http:\/\/blogdoarmindomaia.com.br\/wp-content\/uploads\/2025\/08\/Dancaraxa-4-768x512.jpg 768w, http:\/\/blogdoarmindomaia.com.br\/wp-content\/uploads\/2025\/08\/Dancaraxa-4-1536x1024.jpg 1536w, http:\/\/blogdoarmindomaia.com.br\/wp-content\/uploads\/2025\/08\/Dancaraxa-4-2048x1365.jpg 2048w\" sizes=\"auto, (max-width: 1024px) 100vw, 1024px\" \/><\/figure>\n\n\n\n<figure class=\"wp-block-image size-large\"><img loading=\"lazy\" decoding=\"async\" width=\"819\" height=\"1024\" src=\"http:\/\/blogdoarmindomaia.com.br\/wp-content\/uploads\/2025\/08\/Foto-Divulgacao-819x1024.png\" alt=\"\" class=\"wp-image-8669\" srcset=\"http:\/\/blogdoarmindomaia.com.br\/wp-content\/uploads\/2025\/08\/Foto-Divulgacao-819x1024.png 819w, http:\/\/blogdoarmindomaia.com.br\/wp-content\/uploads\/2025\/08\/Foto-Divulgacao-240x300.png 240w, http:\/\/blogdoarmindomaia.com.br\/wp-content\/uploads\/2025\/08\/Foto-Divulgacao-768x960.png 768w, http:\/\/blogdoarmindomaia.com.br\/wp-content\/uploads\/2025\/08\/Foto-Divulgacao.png 1080w\" sizes=\"auto, (max-width: 819px) 100vw, 819px\" \/><\/figure>\n\n\n\n<p>De 13 a 17 de agosto, o Teatro CBMM, no Centro Cultural Uniarax\u00e1, ser\u00e1 novamente o grande palco do Dan\u00e7arax\u00e1, um dos maiores festivais competitivos de dan\u00e7a do Brasil e o maior do Centro-Oeste Mineiro. Em sua 24\u00aa edi\u00e7\u00e3o, o evento reafirma sua relev\u00e2ncia nacional e tradi\u00e7\u00e3o.<\/p>\n\n\n\n<p>Este ano, o festival bateu recorde hist\u00f3rico, com 2.350 dan\u00e7arinos inscritos, representando 31 cidades brasileiras e apresentando cerca de 816 coreografias nos mais diversos estilos. Al\u00e9m da competi\u00e7\u00e3o, haver\u00e1 oficinas de dan\u00e7a e palestra ministradas por renomados jurados, como Adriana Assaf, Cristina Helena, Erick Gutierrez, F\u00e1bio Alc\u00e2ntara, Gladstone Navarro, Lucas Mendes e Paula Assis. Al\u00e9m do espet\u00e1culo de abertura \u201cPara Quem Quer Se Soltar\u201d, que homenageia Milton Nascimento.<\/p>\n\n\n\n<p>O Dan\u00e7arax\u00e1 n\u00e3o apenas movimenta o cen\u00e1rio art\u00edstico e cultural, mas tamb\u00e9m impulsiona a economia local, com hot\u00e9is, restaurantes e com\u00e9rcios recebendo o grande fluxo de visitantes como os dan\u00e7arinos, familiares e equipes que chegam \u00e0 cidade durante os cinco dias de evento.<\/p>\n\n\n\n<p>Segundo Tassiana Ara\u00fajo, coordenadora do evento, \u201co Dan\u00e7arax\u00e1 j\u00e1 se consolidou no calend\u00e1rio tur\u00edstico de Arax\u00e1, gerando impactos positivos para o setor hoteleiro e o com\u00e9rcio local, que comemoram o aumento expressivo de visitantes durante o per\u00edodo.\u201d<\/p>\n\n\n\n<p>Para Elaine Borges, organizadora do festival, \u00e9 uma honra ver o Dan\u00e7arax\u00e1 ganhando cada vez mais destaque no cen\u00e1rio nacional. \u201cO festival se tornou um importante instrumento de valoriza\u00e7\u00e3o da dan\u00e7a e de incentivo aos talentos que movimentam essa arte no Brasil.\u201d<\/p>\n\n\n\n<p>O evento possui entrada livre e gratuita, limitada \u00e0 capacidade do teatro. Na \u00e1rea externa, s\u00e3o disponibilizados tel\u00f5es para que o p\u00fablico possa acompanhar, al\u00e9m da transmiss\u00e3o simult\u00e2nea pelo canal do youtube do festival, ampliando assim o seu acesso.<\/p>\n\n\n\n<p>O 24\u00ba Dan\u00e7arax\u00e1 2025 \u00e9 realizado pela Lei Federal de Incentivo \u00e0 Cultura (Lei Rouanet) do Minist\u00e9rio da Cultura &#8211; Governo Federal e pela Lei Estadual de Incentivo \u00e0 Cultura, do Governo de Minas Gerais. Conta com o patroc\u00ednio master da Bem Brasil, patroc\u00ednio da CBMM e apoio cultural da Sicoob Crediara.<\/p>\n","protected":false},"excerpt":{"rendered":"<p>De 13 a 17 de agosto, o Teatro CBMM, no Centro Cultural Uniarax\u00e1, ser\u00e1 novamente o grande palco do Dan\u00e7arax\u00e1,<\/p>\n","protected":false},"author":2,"featured_media":8668,"comment_status":"open","ping_status":"open","sticky":false,"template":"","format":"standard","meta":{"footnotes":""},"categories":[9,11],"tags":[],"class_list":["post-8667","post","type-post","status-publish","format-standard","has-post-thumbnail","hentry","category-araxa","category-destaques"],"_links":{"self":[{"href":"http:\/\/blogdoarmindomaia.com.br\/index.php?rest_route=\/wp\/v2\/posts\/8667","targetHints":{"allow":["GET"]}}],"collection":[{"href":"http:\/\/blogdoarmindomaia.com.br\/index.php?rest_route=\/wp\/v2\/posts"}],"about":[{"href":"http:\/\/blogdoarmindomaia.com.br\/index.php?rest_route=\/wp\/v2\/types\/post"}],"author":[{"embeddable":true,"href":"http:\/\/blogdoarmindomaia.com.br\/index.php?rest_route=\/wp\/v2\/users\/2"}],"replies":[{"embeddable":true,"href":"http:\/\/blogdoarmindomaia.com.br\/index.php?rest_route=%2Fwp%2Fv2%2Fcomments&post=8667"}],"version-history":[{"count":1,"href":"http:\/\/blogdoarmindomaia.com.br\/index.php?rest_route=\/wp\/v2\/posts\/8667\/revisions"}],"predecessor-version":[{"id":8670,"href":"http:\/\/blogdoarmindomaia.com.br\/index.php?rest_route=\/wp\/v2\/posts\/8667\/revisions\/8670"}],"wp:featuredmedia":[{"embeddable":true,"href":"http:\/\/blogdoarmindomaia.com.br\/index.php?rest_route=\/wp\/v2\/media\/8668"}],"wp:attachment":[{"href":"http:\/\/blogdoarmindomaia.com.br\/index.php?rest_route=%2Fwp%2Fv2%2Fmedia&parent=8667"}],"wp:term":[{"taxonomy":"category","embeddable":true,"href":"http:\/\/blogdoarmindomaia.com.br\/index.php?rest_route=%2Fwp%2Fv2%2Fcategories&post=8667"},{"taxonomy":"post_tag","embeddable":true,"href":"http:\/\/blogdoarmindomaia.com.br\/index.php?rest_route=%2Fwp%2Fv2%2Ftags&post=8667"}],"curies":[{"name":"wp","href":"https:\/\/api.w.org\/{rel}","templated":true}]}}