{"id":867,"date":"2022-05-17T16:36:33","date_gmt":"2022-05-17T19:36:33","guid":{"rendered":"http:\/\/blogdoarmindomaia.com.br\/?p=867"},"modified":"2022-05-17T16:36:35","modified_gmt":"2022-05-17T19:36:35","slug":"fcbb-participa-da-20a-semana-nacional-dos-museus-com-atividades-gratuitas","status":"publish","type":"post","link":"http:\/\/blogdoarmindomaia.com.br\/?p=867","title":{"rendered":"<strong>FCBB participa da 20\u00aa Semana Nacional dos Museus com atividades gratuitas<br><br><\/strong>"},"content":{"rendered":"\n<p><\/p>\n\n\n\n<figure class=\"wp-block-image size-full\"><img loading=\"lazy\" decoding=\"async\" width=\"800\" height=\"500\" src=\"http:\/\/blogdoarmindomaia.com.br\/wp-content\/uploads\/2022\/05\/FCCB-participa-da-Semana-Nacional-pag-05.jpg\" alt=\"\" class=\"wp-image-868\" srcset=\"http:\/\/blogdoarmindomaia.com.br\/wp-content\/uploads\/2022\/05\/FCCB-participa-da-Semana-Nacional-pag-05.jpg 800w, http:\/\/blogdoarmindomaia.com.br\/wp-content\/uploads\/2022\/05\/FCCB-participa-da-Semana-Nacional-pag-05-300x188.jpg 300w, http:\/\/blogdoarmindomaia.com.br\/wp-content\/uploads\/2022\/05\/FCCB-participa-da-Semana-Nacional-pag-05-768x480.jpg 768w\" sizes=\"auto, (max-width: 800px) 100vw, 800px\" \/><\/figure>\n\n\n\n<p>A Funda\u00e7\u00e3o Cultural Calmon Barreto (FCCB) participa, entre os dias 17 e 22 de maio, da 20\u00aa Semana Nacional dos Museus, promovida pelo Instituto Brasileiro de Museus (Ibram), que tem o objetivo de levar a reflex\u00e3o sobre o papel dos espa\u00e7os na sociedade.<br><br>Em Arax\u00e1, atividades culturais gratuitas fazem parte da programa\u00e7\u00e3o nos museus Calmon Barreto, Memorial de Arax\u00e1, Dona Beja, Legislativo, Imagem e do Som e Sacro.<br><br>A Semana Nacional de Museus \u00e9 constru\u00edda e proposta de forma articulada para mobilizar os museus de todo o pa\u00eds.<br><br>Em 2022, a semana traz o tema \u2018O poder dos museus\u2019, ressaltando aspectos como pesquisa, preserva\u00e7\u00e3o, conserva\u00e7\u00e3o, educa\u00e7\u00e3o, comunica\u00e7\u00e3o, a\u00e7\u00e3o cultural, gest\u00e3o, inova\u00e7\u00e3o tecnol\u00f3gica, cumprimento de suas fun\u00e7\u00f5es sociais e cria\u00e7\u00e3o de repert\u00f3rios para o futuro.<br><br>\u201cParticipar da Semana Nacional de Museus \u00e9 de suma import\u00e2ncia para Arax\u00e1. \u00c9 uma oportunidade de mostrarmos as atividades que est\u00e3o sendo desenvolvidas de educa\u00e7\u00e3o patrimonial para todo Brasil. Conhecer Arax\u00e1 pelos seus pontos culturais, com a\u00e7\u00f5es para os araxaenses e turistas, \u00e9 fomentar, resgatar e contar a hist\u00f3ria de um povo\u201d, destaca a presidente da FCCB, Cynthia Ver\u00e7osa.<br><br><\/p>\n","protected":false},"excerpt":{"rendered":"<p>A Funda\u00e7\u00e3o Cultural Calmon Barreto (FCCB) participa, entre os dias 17 e 22 de maio, da 20\u00aa Semana Nacional dos<\/p>\n","protected":false},"author":2,"featured_media":868,"comment_status":"open","ping_status":"open","sticky":false,"template":"","format":"standard","meta":{"footnotes":""},"categories":[9,5],"tags":[],"class_list":["post-867","post","type-post","status-publish","format-standard","has-post-thumbnail","hentry","category-araxa","category-arte-e-cultura"],"_links":{"self":[{"href":"http:\/\/blogdoarmindomaia.com.br\/index.php?rest_route=\/wp\/v2\/posts\/867","targetHints":{"allow":["GET"]}}],"collection":[{"href":"http:\/\/blogdoarmindomaia.com.br\/index.php?rest_route=\/wp\/v2\/posts"}],"about":[{"href":"http:\/\/blogdoarmindomaia.com.br\/index.php?rest_route=\/wp\/v2\/types\/post"}],"author":[{"embeddable":true,"href":"http:\/\/blogdoarmindomaia.com.br\/index.php?rest_route=\/wp\/v2\/users\/2"}],"replies":[{"embeddable":true,"href":"http:\/\/blogdoarmindomaia.com.br\/index.php?rest_route=%2Fwp%2Fv2%2Fcomments&post=867"}],"version-history":[{"count":1,"href":"http:\/\/blogdoarmindomaia.com.br\/index.php?rest_route=\/wp\/v2\/posts\/867\/revisions"}],"predecessor-version":[{"id":869,"href":"http:\/\/blogdoarmindomaia.com.br\/index.php?rest_route=\/wp\/v2\/posts\/867\/revisions\/869"}],"wp:featuredmedia":[{"embeddable":true,"href":"http:\/\/blogdoarmindomaia.com.br\/index.php?rest_route=\/wp\/v2\/media\/868"}],"wp:attachment":[{"href":"http:\/\/blogdoarmindomaia.com.br\/index.php?rest_route=%2Fwp%2Fv2%2Fmedia&parent=867"}],"wp:term":[{"taxonomy":"category","embeddable":true,"href":"http:\/\/blogdoarmindomaia.com.br\/index.php?rest_route=%2Fwp%2Fv2%2Fcategories&post=867"},{"taxonomy":"post_tag","embeddable":true,"href":"http:\/\/blogdoarmindomaia.com.br\/index.php?rest_route=%2Fwp%2Fv2%2Ftags&post=867"}],"curies":[{"name":"wp","href":"https:\/\/api.w.org\/{rel}","templated":true}]}}