{"id":8672,"date":"2025-08-07T11:02:02","date_gmt":"2025-08-07T14:02:02","guid":{"rendered":"http:\/\/blogdoarmindomaia.com.br\/?p=8672"},"modified":"2025-08-07T11:02:03","modified_gmt":"2025-08-07T14:02:03","slug":"obras-da-nova-sede-da-delegacia-regional-de-policia-civil-de-araxa","status":"publish","type":"post","link":"http:\/\/blogdoarmindomaia.com.br\/?p=8672","title":{"rendered":"Obras da nova sede da Delegacia Regional de Pol\u00edcia Civil de Arax\u00e1"},"content":{"rendered":"\n<figure class=\"wp-block-image size-large\"><img loading=\"lazy\" decoding=\"async\" width=\"1024\" height=\"768\" src=\"http:\/\/blogdoarmindomaia.com.br\/wp-content\/uploads\/2025\/08\/Obras-da-nova-sede-da-Delegacia-Regional-de-Policia-Civil-de-Araxa-pag-08-1024x768.jpeg\" alt=\"\" class=\"wp-image-8673\" srcset=\"http:\/\/blogdoarmindomaia.com.br\/wp-content\/uploads\/2025\/08\/Obras-da-nova-sede-da-Delegacia-Regional-de-Policia-Civil-de-Araxa-pag-08-1024x768.jpeg 1024w, http:\/\/blogdoarmindomaia.com.br\/wp-content\/uploads\/2025\/08\/Obras-da-nova-sede-da-Delegacia-Regional-de-Policia-Civil-de-Araxa-pag-08-300x225.jpeg 300w, http:\/\/blogdoarmindomaia.com.br\/wp-content\/uploads\/2025\/08\/Obras-da-nova-sede-da-Delegacia-Regional-de-Policia-Civil-de-Araxa-pag-08-768x576.jpeg 768w, http:\/\/blogdoarmindomaia.com.br\/wp-content\/uploads\/2025\/08\/Obras-da-nova-sede-da-Delegacia-Regional-de-Policia-Civil-de-Araxa-pag-08-1536x1152.jpeg 1536w, http:\/\/blogdoarmindomaia.com.br\/wp-content\/uploads\/2025\/08\/Obras-da-nova-sede-da-Delegacia-Regional-de-Policia-Civil-de-Araxa-pag-08-2048x1536.jpeg 2048w\" sizes=\"auto, (max-width: 1024px) 100vw, 1024px\" \/><\/figure>\n\n\n\n<p>As obras de reforma do antigo F\u00f3rum de Arax\u00e1, que est\u00e1 sendo adaptado para se tornar a nova sede da Delegacia Regional da Pol\u00edcia Civil, receberam no final da semana passada a visita de autoridades municipais e estaduais. Participaram da visita o prefeito Robson Magela, o vice-prefeito Bosco J\u00fanior, a delegada-geral e chefe da Pol\u00edcia Civil de MG, Dra. Let\u00edcia Gamboge, o chefe do 5\u00ba Departamento de PC, C\u00e9zar Felipe Colombari, o deputado Bosco,\u00a0 vereadores, secret\u00e1rios municipais entre outros. \u00a0Com 1.096m\u00b2 de \u00e1rea constru\u00edda e 406m\u00b2 de \u00e1rea externa coberta, a nova sede contar\u00e1 com 50 ambientes em um pr\u00e9dio completamente reformado. O layout da edifica\u00e7\u00e3o foi\u00a0 modificado para atender as necessidades da Delegacia Regional. O projeto foi elaborado pela Secretaria de Obras, com aprova\u00e7\u00e3o do delegado regional da PC, Dr. Valter Andr\u00e9 Salviano. A obra est\u00e1 or\u00e7ada em R$ 871.017,32, com recursos pr\u00f3prios da Prefeitura de Arax\u00e1 e emendas parlamentares do deputado estadual Bosco e do deputado federal M\u00e1rio Heringer. A ordem de servi\u00e7o foi assinada em 23 de abril e a previs\u00e3o de entrega \u00e9 para fevereiro de 2026.<br><br><\/p>\n","protected":false},"excerpt":{"rendered":"<p>As obras de reforma do antigo F\u00f3rum de Arax\u00e1, que est\u00e1 sendo adaptado para se tornar a nova sede da<\/p>\n","protected":false},"author":2,"featured_media":8673,"comment_status":"open","ping_status":"open","sticky":false,"template":"","format":"standard","meta":{"footnotes":""},"categories":[9,11],"tags":[],"class_list":["post-8672","post","type-post","status-publish","format-standard","has-post-thumbnail","hentry","category-araxa","category-destaques"],"_links":{"self":[{"href":"http:\/\/blogdoarmindomaia.com.br\/index.php?rest_route=\/wp\/v2\/posts\/8672","targetHints":{"allow":["GET"]}}],"collection":[{"href":"http:\/\/blogdoarmindomaia.com.br\/index.php?rest_route=\/wp\/v2\/posts"}],"about":[{"href":"http:\/\/blogdoarmindomaia.com.br\/index.php?rest_route=\/wp\/v2\/types\/post"}],"author":[{"embeddable":true,"href":"http:\/\/blogdoarmindomaia.com.br\/index.php?rest_route=\/wp\/v2\/users\/2"}],"replies":[{"embeddable":true,"href":"http:\/\/blogdoarmindomaia.com.br\/index.php?rest_route=%2Fwp%2Fv2%2Fcomments&post=8672"}],"version-history":[{"count":1,"href":"http:\/\/blogdoarmindomaia.com.br\/index.php?rest_route=\/wp\/v2\/posts\/8672\/revisions"}],"predecessor-version":[{"id":8674,"href":"http:\/\/blogdoarmindomaia.com.br\/index.php?rest_route=\/wp\/v2\/posts\/8672\/revisions\/8674"}],"wp:featuredmedia":[{"embeddable":true,"href":"http:\/\/blogdoarmindomaia.com.br\/index.php?rest_route=\/wp\/v2\/media\/8673"}],"wp:attachment":[{"href":"http:\/\/blogdoarmindomaia.com.br\/index.php?rest_route=%2Fwp%2Fv2%2Fmedia&parent=8672"}],"wp:term":[{"taxonomy":"category","embeddable":true,"href":"http:\/\/blogdoarmindomaia.com.br\/index.php?rest_route=%2Fwp%2Fv2%2Fcategories&post=8672"},{"taxonomy":"post_tag","embeddable":true,"href":"http:\/\/blogdoarmindomaia.com.br\/index.php?rest_route=%2Fwp%2Fv2%2Ftags&post=8672"}],"curies":[{"name":"wp","href":"https:\/\/api.w.org\/{rel}","templated":true}]}}