{"id":8675,"date":"2025-08-07T11:04:06","date_gmt":"2025-08-07T14:04:06","guid":{"rendered":"http:\/\/blogdoarmindomaia.com.br\/?p=8675"},"modified":"2025-08-07T11:06:10","modified_gmt":"2025-08-07T14:06:10","slug":"araxa-lanca-campanha-agosto-lilas-pelo-fim-da-violencia-contra-a-mulher","status":"publish","type":"post","link":"http:\/\/blogdoarmindomaia.com.br\/?p=8675","title":{"rendered":"Arax\u00e1 lan\u00e7a Campanha Agosto Lil\u00e1s pelo fim da viol\u00eancia contra a mulher"},"content":{"rendered":"\n<figure class=\"wp-block-image size-large\"><img loading=\"lazy\" decoding=\"async\" width=\"1024\" height=\"768\" src=\"http:\/\/blogdoarmindomaia.com.br\/wp-content\/uploads\/2025\/08\/Araxa-lanca-Campanha-Agosto-Lilas-pelo-fim-da-violencia-contra-a-mulher-pag-05-1024x768.jpeg\" alt=\"\" class=\"wp-image-8677\" srcset=\"http:\/\/blogdoarmindomaia.com.br\/wp-content\/uploads\/2025\/08\/Araxa-lanca-Campanha-Agosto-Lilas-pelo-fim-da-violencia-contra-a-mulher-pag-05-1024x768.jpeg 1024w, http:\/\/blogdoarmindomaia.com.br\/wp-content\/uploads\/2025\/08\/Araxa-lanca-Campanha-Agosto-Lilas-pelo-fim-da-violencia-contra-a-mulher-pag-05-300x225.jpeg 300w, http:\/\/blogdoarmindomaia.com.br\/wp-content\/uploads\/2025\/08\/Araxa-lanca-Campanha-Agosto-Lilas-pelo-fim-da-violencia-contra-a-mulher-pag-05-768x576.jpeg 768w, http:\/\/blogdoarmindomaia.com.br\/wp-content\/uploads\/2025\/08\/Araxa-lanca-Campanha-Agosto-Lilas-pelo-fim-da-violencia-contra-a-mulher-pag-05-1536x1152.jpeg 1536w, http:\/\/blogdoarmindomaia.com.br\/wp-content\/uploads\/2025\/08\/Araxa-lanca-Campanha-Agosto-Lilas-pelo-fim-da-violencia-contra-a-mulher-pag-05.jpeg 1600w\" sizes=\"auto, (max-width: 1024px) 100vw, 1024px\" \/><\/figure>\n\n\n\n<p>A Prefeitura de Arax\u00e1 lan\u00e7ou oficialmente na segunda-feira, 4 de agosto, a Campanha Agosto Lil\u00e1s 2025, com uma programa\u00e7\u00e3o que envolve mais de 10 a\u00e7\u00f5es integradas em diversas frentes \u2014 sa\u00fade, educa\u00e7\u00e3o, seguran\u00e7a, esporte, assist\u00eancia social, cultura e comunica\u00e7\u00e3o. O objetivo \u00e9 claro: conscientizar, acolher e mobilizar a sociedade no enfrentamento \u00e0 viol\u00eancia contra a mulher. A campanha Agosto Lil\u00e1s vai acontecer ao longo de todo o m\u00eas de agosto, com a\u00e7\u00f5es educativas, preventivas, simb\u00f3licas e formativas. \u201cCada a\u00e7\u00e3o foi pensada para atingir p\u00fablicos diferentes, com linguagens e estrat\u00e9gias espec\u00edficas, mas com o mesmo prop\u00f3sito: romper o ciclo da viol\u00eancia e fortalecer a rede de apoio \u00e0s mulheres\u201d, destaca Lilian Pereira, secret\u00e1ria municipal de Assist\u00eancia Social. \u201cA viol\u00eancia contra a mulher \u00e9 um problema de todos n\u00f3s. N\u00e3o basta punir depois: \u00e9 preciso prevenir, acolher, orientar, escutar. Por isso estamos convocando toda a cidade para estar conosco nessa campanha. S\u00f3 com uni\u00e3o e coragem a gente muda essa realidade\u201d, afirmou o prefeito Robson Magela.<br><br><br><\/p>\n","protected":false},"excerpt":{"rendered":"<p>A Prefeitura de Arax\u00e1 lan\u00e7ou oficialmente na segunda-feira, 4 de agosto, a Campanha Agosto Lil\u00e1s 2025, com uma programa\u00e7\u00e3o que<\/p>\n","protected":false},"author":2,"featured_media":8677,"comment_status":"open","ping_status":"open","sticky":false,"template":"","format":"standard","meta":{"footnotes":""},"categories":[9,11],"tags":[],"class_list":["post-8675","post","type-post","status-publish","format-standard","has-post-thumbnail","hentry","category-araxa","category-destaques"],"_links":{"self":[{"href":"http:\/\/blogdoarmindomaia.com.br\/index.php?rest_route=\/wp\/v2\/posts\/8675","targetHints":{"allow":["GET"]}}],"collection":[{"href":"http:\/\/blogdoarmindomaia.com.br\/index.php?rest_route=\/wp\/v2\/posts"}],"about":[{"href":"http:\/\/blogdoarmindomaia.com.br\/index.php?rest_route=\/wp\/v2\/types\/post"}],"author":[{"embeddable":true,"href":"http:\/\/blogdoarmindomaia.com.br\/index.php?rest_route=\/wp\/v2\/users\/2"}],"replies":[{"embeddable":true,"href":"http:\/\/blogdoarmindomaia.com.br\/index.php?rest_route=%2Fwp%2Fv2%2Fcomments&post=8675"}],"version-history":[{"count":2,"href":"http:\/\/blogdoarmindomaia.com.br\/index.php?rest_route=\/wp\/v2\/posts\/8675\/revisions"}],"predecessor-version":[{"id":8678,"href":"http:\/\/blogdoarmindomaia.com.br\/index.php?rest_route=\/wp\/v2\/posts\/8675\/revisions\/8678"}],"wp:featuredmedia":[{"embeddable":true,"href":"http:\/\/blogdoarmindomaia.com.br\/index.php?rest_route=\/wp\/v2\/media\/8677"}],"wp:attachment":[{"href":"http:\/\/blogdoarmindomaia.com.br\/index.php?rest_route=%2Fwp%2Fv2%2Fmedia&parent=8675"}],"wp:term":[{"taxonomy":"category","embeddable":true,"href":"http:\/\/blogdoarmindomaia.com.br\/index.php?rest_route=%2Fwp%2Fv2%2Fcategories&post=8675"},{"taxonomy":"post_tag","embeddable":true,"href":"http:\/\/blogdoarmindomaia.com.br\/index.php?rest_route=%2Fwp%2Fv2%2Ftags&post=8675"}],"curies":[{"name":"wp","href":"https:\/\/api.w.org\/{rel}","templated":true}]}}