{"id":8683,"date":"2025-08-13T15:55:24","date_gmt":"2025-08-13T18:55:24","guid":{"rendered":"http:\/\/blogdoarmindomaia.com.br\/?p=8683"},"modified":"2025-08-13T15:55:25","modified_gmt":"2025-08-13T18:55:25","slug":"zema-lanca-pre-candidatura-a-presidencia-da-republica-neste-sabado-em-sao-paulo","status":"publish","type":"post","link":"http:\/\/blogdoarmindomaia.com.br\/?p=8683","title":{"rendered":"Zema lan\u00e7a pr\u00e9 candidatura \u00e0 presid\u00eancia da rep\u00fablica neste s\u00e1bado em S\u00e3o Paulo"},"content":{"rendered":"\n<p><\/p>\n\n\n\n<figure class=\"wp-block-image size-large\"><img loading=\"lazy\" decoding=\"async\" width=\"1024\" height=\"613\" src=\"http:\/\/blogdoarmindomaia.com.br\/wp-content\/uploads\/2025\/08\/Zema-lanca-pre-candidatura-a-presidencia-da-republica-neste-sabado-em-Sao-Paulo-pag-08-1024x613.jpg\" alt=\"\" class=\"wp-image-8684\" srcset=\"http:\/\/blogdoarmindomaia.com.br\/wp-content\/uploads\/2025\/08\/Zema-lanca-pre-candidatura-a-presidencia-da-republica-neste-sabado-em-Sao-Paulo-pag-08-1024x613.jpg 1024w, http:\/\/blogdoarmindomaia.com.br\/wp-content\/uploads\/2025\/08\/Zema-lanca-pre-candidatura-a-presidencia-da-republica-neste-sabado-em-Sao-Paulo-pag-08-300x180.jpg 300w, http:\/\/blogdoarmindomaia.com.br\/wp-content\/uploads\/2025\/08\/Zema-lanca-pre-candidatura-a-presidencia-da-republica-neste-sabado-em-Sao-Paulo-pag-08-768x460.jpg 768w, http:\/\/blogdoarmindomaia.com.br\/wp-content\/uploads\/2025\/08\/Zema-lanca-pre-candidatura-a-presidencia-da-republica-neste-sabado-em-Sao-Paulo-pag-08.jpg 1100w\" sizes=\"auto, (max-width: 1024px) 100vw, 1024px\" \/><\/figure>\n\n\n\n<p>O partido Novo, agremia\u00e7\u00e3o que abriga em seus quadros pol\u00edticos, o atual governador de Minas Gerais Romeu Zema Neto, realiza evento neste s\u00e1bado, dia 16 de agosto, na capital paulista para oficializar a pr\u00e9 candidatura de Zema \u00e0 presid\u00eancia da republica no pleito vindouro de 2026. O an\u00fancio vem seis anos e oito meses ap\u00f3s Romeu Zema estrear na vida p\u00fablica como governador de Minas Gerais. Ap\u00f3s sair vitorioso das duas \u00fanicas elei\u00e7\u00f5es que disputou \u2013&nbsp;<a href=\"https:\/\/www.otempo.com.br\/eleicoes\/romeu-zema-e-reeleito-para-o-governo-de-minas-em-1-turno-1.2743908\" target=\"_blank\" rel=\"noreferrer noopener\"><strong>o que inclui uma reelei\u00e7\u00e3o em 1\u00b0 turno, em 2022, no estado que det\u00e9m o segundo maior col\u00e9gio eleitoral do pa\u00eds<\/strong><\/a>&nbsp;\u2013, o mineiro de Arax\u00e1 enfrenta agora dois grandes desafios: tornar-se suficientemente conhecido fora das divisas do pr\u00f3prio estado e impulsionar seu nome a ponto de sobressair como o candidato da direita, em um cen\u00e1rio que tem ao menos outras sete figuras do mesmo campo cotadas para o Pal\u00e1cio do Planalto em 2026.<br>O chefe do Executivo mineiro j\u00e1 tem incorporado o \u201cmodo candidato\u201d pelo menos desde o in\u00edcio deste ano. A estrat\u00e9gia \u00e9 clara: investir tempo e recursos na nacionaliza\u00e7\u00e3o do pr\u00f3prio nome para driblar o alto grau de desconhecimento entre os eleitores. Para se ter uma ideia, uma pesquisa Quaest divulgada em junho revelou que, a pouco mais de um ano da elei\u00e7\u00e3o, seis em cada dez pessoas aptas a votar no pa\u00eds (60%) ainda n\u00e3o sabiam dizer quem \u00e9 Romeu Zema. Entre nove nomes testados, somente o do governador de Goi\u00e1s e tamb\u00e9m pr\u00e9-candidato, Ronaldo Caiado (Uni\u00e3o Brasil), teve desempenho numericamente pior (62%). A alta taxa de desconhecimento foi, inclusive, o que&nbsp;<a href=\"https:\/\/www.otempo.com.br\/politica\/2025\/7\/21\/zema-lancara-pre-candidatura-a-presidencia-durante-evento-do-novo-em-sao-paulo\" target=\"_blank\" rel=\"noreferrer noopener\"><strong>levou a equipe da pr\u00e9-campanha de Zema a decidir lan\u00e7\u00e1-lo t\u00e3o cedo na disputa<\/strong><\/a>. &nbsp;\u201cAcreditamos que at\u00e9 o fim do ano ele v\u00e1 crescer nas pesquisas\u201d, aposta o presidente estadual do Partido Novo, Christopher Laguna.&nbsp;Entretanto, uma fonte ligada \u00e0 pr\u00e9-campanha de Zema confirmou que ele n\u00e3o far\u00e1 esfor\u00e7o para se descolar da imagem do ex-presidente. Nos \u00faltimos dois meses, Zema j\u00e1 se reuniu com Bolsonaro para comunicar sua pr\u00e9-candidatura, esteve ao lado dele na avenida Paulista e declarou apoio ap\u00f3s a pris\u00e3o domiciliar imposta pelo STF, embora n\u00e3o tenha participado dos \u00faltimos atos, em 3 de agosto.<\/p>\n","protected":false},"excerpt":{"rendered":"<p>O partido Novo, agremia\u00e7\u00e3o que abriga em seus quadros pol\u00edticos, o atual governador de Minas Gerais Romeu Zema Neto, realiza<\/p>\n","protected":false},"author":2,"featured_media":8684,"comment_status":"open","ping_status":"open","sticky":false,"template":"","format":"standard","meta":{"footnotes":""},"categories":[9,11],"tags":[],"class_list":["post-8683","post","type-post","status-publish","format-standard","has-post-thumbnail","hentry","category-araxa","category-destaques"],"_links":{"self":[{"href":"http:\/\/blogdoarmindomaia.com.br\/index.php?rest_route=\/wp\/v2\/posts\/8683","targetHints":{"allow":["GET"]}}],"collection":[{"href":"http:\/\/blogdoarmindomaia.com.br\/index.php?rest_route=\/wp\/v2\/posts"}],"about":[{"href":"http:\/\/blogdoarmindomaia.com.br\/index.php?rest_route=\/wp\/v2\/types\/post"}],"author":[{"embeddable":true,"href":"http:\/\/blogdoarmindomaia.com.br\/index.php?rest_route=\/wp\/v2\/users\/2"}],"replies":[{"embeddable":true,"href":"http:\/\/blogdoarmindomaia.com.br\/index.php?rest_route=%2Fwp%2Fv2%2Fcomments&post=8683"}],"version-history":[{"count":1,"href":"http:\/\/blogdoarmindomaia.com.br\/index.php?rest_route=\/wp\/v2\/posts\/8683\/revisions"}],"predecessor-version":[{"id":8685,"href":"http:\/\/blogdoarmindomaia.com.br\/index.php?rest_route=\/wp\/v2\/posts\/8683\/revisions\/8685"}],"wp:featuredmedia":[{"embeddable":true,"href":"http:\/\/blogdoarmindomaia.com.br\/index.php?rest_route=\/wp\/v2\/media\/8684"}],"wp:attachment":[{"href":"http:\/\/blogdoarmindomaia.com.br\/index.php?rest_route=%2Fwp%2Fv2%2Fmedia&parent=8683"}],"wp:term":[{"taxonomy":"category","embeddable":true,"href":"http:\/\/blogdoarmindomaia.com.br\/index.php?rest_route=%2Fwp%2Fv2%2Fcategories&post=8683"},{"taxonomy":"post_tag","embeddable":true,"href":"http:\/\/blogdoarmindomaia.com.br\/index.php?rest_route=%2Fwp%2Fv2%2Ftags&post=8683"}],"curies":[{"name":"wp","href":"https:\/\/api.w.org\/{rel}","templated":true}]}}