{"id":8703,"date":"2025-08-26T16:09:25","date_gmt":"2025-08-26T19:09:25","guid":{"rendered":"http:\/\/blogdoarmindomaia.com.br\/?p=8703"},"modified":"2025-08-26T16:09:26","modified_gmt":"2025-08-26T19:09:26","slug":"patricia-martins-e-a-6o-melhor-brasileira-na-27a-meia-maratona-internacional-do-rj","status":"publish","type":"post","link":"http:\/\/blogdoarmindomaia.com.br\/?p=8703","title":{"rendered":"Patr\u00edcia Martins \u00e9 a 6\u00ba melhor brasileira na 27\u00aa\u00a0 Meia Maratona Internacional do RJ"},"content":{"rendered":"\n<figure class=\"wp-block-image size-full\"><img loading=\"lazy\" decoding=\"async\" width=\"765\" height=\"1020\" src=\"http:\/\/blogdoarmindomaia.com.br\/wp-content\/uploads\/2025\/08\/Patricia-Martins-e-a-6o-melhor-brasileira-na-27a-Meia-Maratona-Internacional-do-RJ-pag-18.jpg\" alt=\"\" class=\"wp-image-8704\" srcset=\"http:\/\/blogdoarmindomaia.com.br\/wp-content\/uploads\/2025\/08\/Patricia-Martins-e-a-6o-melhor-brasileira-na-27a-Meia-Maratona-Internacional-do-RJ-pag-18.jpg 765w, http:\/\/blogdoarmindomaia.com.br\/wp-content\/uploads\/2025\/08\/Patricia-Martins-e-a-6o-melhor-brasileira-na-27a-Meia-Maratona-Internacional-do-RJ-pag-18-225x300.jpg 225w\" sizes=\"auto, (max-width: 765px) 100vw, 765px\" \/><\/figure>\n\n\n\n<p>Foi realizada no dia 17 de agosto no Rio de Janeiro, a 27\u00aa edi\u00e7\u00e3o da Meia Maratona Internacional &nbsp;RJ (Rio Half Marathon), que tamb\u00e9m foi palco do Campeonato Sul-Americano de Corrida de Rua, com a presen\u00e7a de atletas da elite do Brasil, Uruguai, Chile, Col\u00f4mbia, Bol\u00edvia, Equador e de v\u00e1rios pa\u00edses africanos. A prova considerada uma das maiores do calend\u00e1rio nacional de corridas de rua, reuniu milhares de corredores de todas as regi\u00f5es do Brasil e do exterior. A corrida teve largada em S\u00e3o Conrado, com chegada no Aterro do Flamengo, passando pelas orlas de Leblon, Ipanema, Copacabana e Botafogo, em um dos percursos mais belos e tradicionais do mundo. Al\u00e9m da meia maratona (21 km), a programa\u00e7\u00e3o contou com provas de 10 km, 5 km e 1 milha no Sul-Americano, possibilitando a participa\u00e7\u00e3o de atletas de diferentes n\u00edveis. O clima t\u00edpico do Rio, com temperatura elevada e alta umidade, tornou a prova ainda mais desafiadora, exigindo maior aten\u00e7\u00e3o \u00e0 hidrata\u00e7\u00e3o e ao ritmo. Na elite feminina, a atleta araxaense Patr\u00edcia Martins representou com destaque o Sicoob Crediara e a cidade de Arax\u00e1, enfrentando corredoras de alto n\u00edvel mundial. Ela conquistou a 13\u00aa coloca\u00e7\u00e3o geral e foi a 6\u00aa melhor brasileira colocada na competi\u00e7\u00e3o internacional.<\/p>\n\n\n\n<p><strong>A atleta Patr\u00edcia Martins, agradece a todos os apoiadores: Sicoob Crediara<\/strong>, Treinador Planilha Corrida, Cristiano Ribeiro CR Runners, Academia Cornelius Atl\u00e9tica, Treinador Academia Chineyder, Cl\u00ednica Integrare,&nbsp; William Montovani e Joana, NutriStock Thiago Mapelli, S&amp;f Engenharia.<\/p>\n","protected":false},"excerpt":{"rendered":"<p>Foi realizada no dia 17 de agosto no Rio de Janeiro, a 27\u00aa edi\u00e7\u00e3o da Meia Maratona Internacional &nbsp;RJ (Rio<\/p>\n","protected":false},"author":2,"featured_media":8704,"comment_status":"open","ping_status":"open","sticky":false,"template":"","format":"standard","meta":{"footnotes":""},"categories":[9,11],"tags":[],"class_list":["post-8703","post","type-post","status-publish","format-standard","has-post-thumbnail","hentry","category-araxa","category-destaques"],"_links":{"self":[{"href":"http:\/\/blogdoarmindomaia.com.br\/index.php?rest_route=\/wp\/v2\/posts\/8703","targetHints":{"allow":["GET"]}}],"collection":[{"href":"http:\/\/blogdoarmindomaia.com.br\/index.php?rest_route=\/wp\/v2\/posts"}],"about":[{"href":"http:\/\/blogdoarmindomaia.com.br\/index.php?rest_route=\/wp\/v2\/types\/post"}],"author":[{"embeddable":true,"href":"http:\/\/blogdoarmindomaia.com.br\/index.php?rest_route=\/wp\/v2\/users\/2"}],"replies":[{"embeddable":true,"href":"http:\/\/blogdoarmindomaia.com.br\/index.php?rest_route=%2Fwp%2Fv2%2Fcomments&post=8703"}],"version-history":[{"count":1,"href":"http:\/\/blogdoarmindomaia.com.br\/index.php?rest_route=\/wp\/v2\/posts\/8703\/revisions"}],"predecessor-version":[{"id":8705,"href":"http:\/\/blogdoarmindomaia.com.br\/index.php?rest_route=\/wp\/v2\/posts\/8703\/revisions\/8705"}],"wp:featuredmedia":[{"embeddable":true,"href":"http:\/\/blogdoarmindomaia.com.br\/index.php?rest_route=\/wp\/v2\/media\/8704"}],"wp:attachment":[{"href":"http:\/\/blogdoarmindomaia.com.br\/index.php?rest_route=%2Fwp%2Fv2%2Fmedia&parent=8703"}],"wp:term":[{"taxonomy":"category","embeddable":true,"href":"http:\/\/blogdoarmindomaia.com.br\/index.php?rest_route=%2Fwp%2Fv2%2Fcategories&post=8703"},{"taxonomy":"post_tag","embeddable":true,"href":"http:\/\/blogdoarmindomaia.com.br\/index.php?rest_route=%2Fwp%2Fv2%2Ftags&post=8703"}],"curies":[{"name":"wp","href":"https:\/\/api.w.org\/{rel}","templated":true}]}}