{"id":8706,"date":"2025-08-27T11:44:30","date_gmt":"2025-08-27T14:44:30","guid":{"rendered":"http:\/\/blogdoarmindomaia.com.br\/?p=8706"},"modified":"2025-08-27T11:44:31","modified_gmt":"2025-08-27T14:44:31","slug":"rodrigo-do-comercial-aeroporto-participa-de-encontro-em-brasilia","status":"publish","type":"post","link":"http:\/\/blogdoarmindomaia.com.br\/?p=8706","title":{"rendered":"Rodrigo do Comercial Aeroporto participa de encontro em Bras\u00edlia"},"content":{"rendered":"\n<p>O vereador araxaense Rodrigo do Comercial Aeroporto est\u00e1 em Bras\u00edlia participando da III Semana Nacional do Poder Legislativo que re\u00fane parlamentares, especialistas e servidores do Poder Legislativo de todo o Brasil. O evento, que se destaca por sua metodologia din\u00e2mica e interativa, oferece palestras com especialistas renomados, pain\u00e9is de discuss\u00e3o para aprofundamento de temas e espa\u00e7os de networking que incentivam a troca de experi\u00eancias entre os participantes. O p\u00fablico-alvo inclui vereadores(as), deputados(as), assessores(as), e servidores(as), tornando-se um ambiente plural e de grande relev\u00e2ncia para a constru\u00e7\u00e3o de solu\u00e7\u00f5es modernas e eficazes para o fortalecimento da atividade parlamentar. Segundo o vereador Rodrigo, a participa\u00e7\u00e3o neste encontro representa um investimento direto em conhecimento, qualifica\u00e7\u00e3o e novas pr\u00e1ticas que poder\u00e3o ser aplicadas no Legislativo Municipal de Arax\u00e1. \u201cEstar presente em Bras\u00edlia nesta semana significa trazer para Arax\u00e1 o que h\u00e1 de mais atualizado em boas pr\u00e1ticas legislativas, ampliando a nossa capacidade de propor solu\u00e7\u00f5es, fiscalizar com mais efici\u00eancia e trabalhar em sintonia com as demandas da nossa popula\u00e7\u00e3o\u201d, afirmou. O encontro em Bras\u00edlia come\u00e7ou na \u00faltima segunda feira, dia 25 e termina nesta\u00a0 sexta-feira.\u00a0\u00a0<\/p>\n","protected":false},"excerpt":{"rendered":"<p>O vereador araxaense Rodrigo do Comercial Aeroporto est\u00e1 em Bras\u00edlia participando da III Semana Nacional do Poder Legislativo que re\u00fane<\/p>\n","protected":false},"author":2,"featured_media":8707,"comment_status":"open","ping_status":"open","sticky":false,"template":"","format":"standard","meta":{"footnotes":""},"categories":[9,11],"tags":[],"class_list":["post-8706","post","type-post","status-publish","format-standard","has-post-thumbnail","hentry","category-araxa","category-destaques"],"_links":{"self":[{"href":"http:\/\/blogdoarmindomaia.com.br\/index.php?rest_route=\/wp\/v2\/posts\/8706","targetHints":{"allow":["GET"]}}],"collection":[{"href":"http:\/\/blogdoarmindomaia.com.br\/index.php?rest_route=\/wp\/v2\/posts"}],"about":[{"href":"http:\/\/blogdoarmindomaia.com.br\/index.php?rest_route=\/wp\/v2\/types\/post"}],"author":[{"embeddable":true,"href":"http:\/\/blogdoarmindomaia.com.br\/index.php?rest_route=\/wp\/v2\/users\/2"}],"replies":[{"embeddable":true,"href":"http:\/\/blogdoarmindomaia.com.br\/index.php?rest_route=%2Fwp%2Fv2%2Fcomments&post=8706"}],"version-history":[{"count":1,"href":"http:\/\/blogdoarmindomaia.com.br\/index.php?rest_route=\/wp\/v2\/posts\/8706\/revisions"}],"predecessor-version":[{"id":8708,"href":"http:\/\/blogdoarmindomaia.com.br\/index.php?rest_route=\/wp\/v2\/posts\/8706\/revisions\/8708"}],"wp:featuredmedia":[{"embeddable":true,"href":"http:\/\/blogdoarmindomaia.com.br\/index.php?rest_route=\/wp\/v2\/media\/8707"}],"wp:attachment":[{"href":"http:\/\/blogdoarmindomaia.com.br\/index.php?rest_route=%2Fwp%2Fv2%2Fmedia&parent=8706"}],"wp:term":[{"taxonomy":"category","embeddable":true,"href":"http:\/\/blogdoarmindomaia.com.br\/index.php?rest_route=%2Fwp%2Fv2%2Fcategories&post=8706"},{"taxonomy":"post_tag","embeddable":true,"href":"http:\/\/blogdoarmindomaia.com.br\/index.php?rest_route=%2Fwp%2Fv2%2Ftags&post=8706"}],"curies":[{"name":"wp","href":"https:\/\/api.w.org\/{rel}","templated":true}]}}