{"id":8709,"date":"2025-08-27T11:46:32","date_gmt":"2025-08-27T14:46:32","guid":{"rendered":"http:\/\/blogdoarmindomaia.com.br\/?p=8709"},"modified":"2025-08-27T11:46:33","modified_gmt":"2025-08-27T14:46:33","slug":"renato-zupo-lanca-novo-livro-em-punta-cana-vitor-alem-da-vida","status":"publish","type":"post","link":"http:\/\/blogdoarmindomaia.com.br\/?p=8709","title":{"rendered":"Renato Zupo lan\u00e7a novo livro em Punta Cana: \u201cVitor Al\u00e9m da Vida\u201d"},"content":{"rendered":"\n<figure class=\"wp-block-image size-large\"><img loading=\"lazy\" decoding=\"async\" width=\"1024\" height=\"768\" src=\"http:\/\/blogdoarmindomaia.com.br\/wp-content\/uploads\/2025\/08\/Renato-Zupo-lanca-novo-livro-em-Punta-Cana-pag-16-1024x768.jpg\" alt=\"\" class=\"wp-image-8710\" srcset=\"http:\/\/blogdoarmindomaia.com.br\/wp-content\/uploads\/2025\/08\/Renato-Zupo-lanca-novo-livro-em-Punta-Cana-pag-16-1024x768.jpg 1024w, http:\/\/blogdoarmindomaia.com.br\/wp-content\/uploads\/2025\/08\/Renato-Zupo-lanca-novo-livro-em-Punta-Cana-pag-16-300x225.jpg 300w, http:\/\/blogdoarmindomaia.com.br\/wp-content\/uploads\/2025\/08\/Renato-Zupo-lanca-novo-livro-em-Punta-Cana-pag-16-768x576.jpg 768w, http:\/\/blogdoarmindomaia.com.br\/wp-content\/uploads\/2025\/08\/Renato-Zupo-lanca-novo-livro-em-Punta-Cana-pag-16-1536x1152.jpg 1536w, http:\/\/blogdoarmindomaia.com.br\/wp-content\/uploads\/2025\/08\/Renato-Zupo-lanca-novo-livro-em-Punta-Cana-pag-16-2048x1536.jpg 2048w\" sizes=\"auto, (max-width: 1024px) 100vw, 1024px\" \/><\/figure>\n\n\n\n<p>O escritor, magistrado e professor Renato Zupo realizou, no \u00faltimo dia 25 de agosto, o lan\u00e7amento internacional de seu mais novo livro, <em>\u201cVitor Al\u00e9m da Vida\u201d<\/em>, em Punta Cana, na Rep\u00fablica Dominicana. O evento contou com a presen\u00e7a de autoridades locais, como Armando Reid, Secret\u00e1rio da Cultura e presidente nacional da Associa\u00e7\u00e3o de Surf, al\u00e9m de amigos e brasileiros residentes na cidade. Autor de romances de suspense, fantasia e mist\u00e9rio desde 2011, Renato Zupo \u00e9 reconhecido por tramas policiais envolventes, sempre ambientadas em contextos complexos e atuais. Criminalista de carreira, alia sua experi\u00eancia jur\u00eddica ao estilo liter\u00e1rio, que combina mist\u00e9rio, cr\u00edtica social e reflex\u00f5es profundas. Em <em>\u201cVitor Al\u00e9m da Vida\u201d<\/em>, Zupo mergulha em um tema fascinante: a vida ap\u00f3s a morte \u2014 ou melhor, o limbo entre a vida e a morte. A obra mescla seres fant\u00e1sticos e criminosos reais em uma narrativa \u00e1gil, l\u00fadica e bem constru\u00edda, que n\u00e3o perde a ess\u00eancia do suspense policial. \u201c\u00c9 uma hist\u00f3ria envolvente, f\u00e1cil de ler, mas que instiga o leitor a refletir sobre quest\u00f5es pol\u00eamicas e universais\u201d, afirma o autor. Renato Zupo j\u00e1 escreveu obras que abordaram psicopatia, serial killers, suic\u00eddio e outras tem\u00e1ticas sens\u00edveis. Agora, em <em>\u201cVitor Al\u00e9m da Vida\u201d<\/em>, expande ainda mais sua criatividade ao explorar o sobrenatural sem abrir m\u00e3o do rigor narrativo. O livro ter\u00e1 lan\u00e7amentos nacionais em Arax\u00e1, Belo Horizonte e S\u00e3o Paulo no m\u00eas de setembro, ampliando o alcance da obra que j\u00e1 come\u00e7ou sua trajet\u00f3ria fora do Brasil.<\/p>\n","protected":false},"excerpt":{"rendered":"<p>O escritor, magistrado e professor Renato Zupo realizou, no \u00faltimo dia 25 de agosto, o lan\u00e7amento internacional de seu mais<\/p>\n","protected":false},"author":2,"featured_media":8710,"comment_status":"open","ping_status":"open","sticky":false,"template":"","format":"standard","meta":{"footnotes":""},"categories":[9,11],"tags":[],"class_list":["post-8709","post","type-post","status-publish","format-standard","has-post-thumbnail","hentry","category-araxa","category-destaques"],"_links":{"self":[{"href":"http:\/\/blogdoarmindomaia.com.br\/index.php?rest_route=\/wp\/v2\/posts\/8709","targetHints":{"allow":["GET"]}}],"collection":[{"href":"http:\/\/blogdoarmindomaia.com.br\/index.php?rest_route=\/wp\/v2\/posts"}],"about":[{"href":"http:\/\/blogdoarmindomaia.com.br\/index.php?rest_route=\/wp\/v2\/types\/post"}],"author":[{"embeddable":true,"href":"http:\/\/blogdoarmindomaia.com.br\/index.php?rest_route=\/wp\/v2\/users\/2"}],"replies":[{"embeddable":true,"href":"http:\/\/blogdoarmindomaia.com.br\/index.php?rest_route=%2Fwp%2Fv2%2Fcomments&post=8709"}],"version-history":[{"count":1,"href":"http:\/\/blogdoarmindomaia.com.br\/index.php?rest_route=\/wp\/v2\/posts\/8709\/revisions"}],"predecessor-version":[{"id":8711,"href":"http:\/\/blogdoarmindomaia.com.br\/index.php?rest_route=\/wp\/v2\/posts\/8709\/revisions\/8711"}],"wp:featuredmedia":[{"embeddable":true,"href":"http:\/\/blogdoarmindomaia.com.br\/index.php?rest_route=\/wp\/v2\/media\/8710"}],"wp:attachment":[{"href":"http:\/\/blogdoarmindomaia.com.br\/index.php?rest_route=%2Fwp%2Fv2%2Fmedia&parent=8709"}],"wp:term":[{"taxonomy":"category","embeddable":true,"href":"http:\/\/blogdoarmindomaia.com.br\/index.php?rest_route=%2Fwp%2Fv2%2Fcategories&post=8709"},{"taxonomy":"post_tag","embeddable":true,"href":"http:\/\/blogdoarmindomaia.com.br\/index.php?rest_route=%2Fwp%2Fv2%2Ftags&post=8709"}],"curies":[{"name":"wp","href":"https:\/\/api.w.org\/{rel}","templated":true}]}}