{"id":8713,"date":"2025-08-29T11:26:59","date_gmt":"2025-08-29T14:26:59","guid":{"rendered":"http:\/\/blogdoarmindomaia.com.br\/?p=8713"},"modified":"2025-08-29T11:27:00","modified_gmt":"2025-08-29T14:27:00","slug":"uniaraxa-comemora-53-anos-de-criacao-com-sessao-solene-na-camara-municipal","status":"publish","type":"post","link":"http:\/\/blogdoarmindomaia.com.br\/?p=8713","title":{"rendered":"\u00a0UNIARAX\u00c1 comemora 53 anos de cria\u00e7\u00e3o com sess\u00e3o solene na C\u00e2mara Municipal"},"content":{"rendered":"\n<figure class=\"wp-block-image size-large is-resized\"><img loading=\"lazy\" decoding=\"async\" width=\"1024\" height=\"768\" src=\"http:\/\/blogdoarmindomaia.com.br\/wp-content\/uploads\/2025\/08\/UNIARAXA-comemora-53-anos-de-criacao-com-sessao-solene-na-Camara-Municipal-pag-18-1024x768.jpeg\" alt=\"\" class=\"wp-image-8714\" style=\"width:1024px;height:auto\" srcset=\"http:\/\/blogdoarmindomaia.com.br\/wp-content\/uploads\/2025\/08\/UNIARAXA-comemora-53-anos-de-criacao-com-sessao-solene-na-Camara-Municipal-pag-18-1024x768.jpeg 1024w, http:\/\/blogdoarmindomaia.com.br\/wp-content\/uploads\/2025\/08\/UNIARAXA-comemora-53-anos-de-criacao-com-sessao-solene-na-Camara-Municipal-pag-18-300x225.jpeg 300w, http:\/\/blogdoarmindomaia.com.br\/wp-content\/uploads\/2025\/08\/UNIARAXA-comemora-53-anos-de-criacao-com-sessao-solene-na-Camara-Municipal-pag-18-768x576.jpeg 768w, http:\/\/blogdoarmindomaia.com.br\/wp-content\/uploads\/2025\/08\/UNIARAXA-comemora-53-anos-de-criacao-com-sessao-solene-na-Camara-Municipal-pag-18.jpeg 1280w\" sizes=\"auto, (max-width: 1024px) 100vw, 1024px\" \/><\/figure>\n\n\n\n<p>A C\u00e2mara Municipal de Arax\u00e1 realizou, no \u00faltimo dia 28 de agosto, uma Sess\u00e3o Solene em celebra\u00e7\u00e3o aos 53 anos do Centro Universit\u00e1rio do Planalto de Arax\u00e1 (Uniarax\u00e1). A cerim\u00f4nia foi presidida pelo vereador Raphael Rios e reuniu autoridades, colaboradores, vereadores, ex-alunos e representantes da comunidade em uma justa homenagem \u00e0 trajet\u00f3ria e \u00e0 relev\u00e2ncia do Uniarax\u00e1 para Arax\u00e1 e toda a regi\u00e3o. Raphael Rios destacou a import\u00e2ncia do Uniarax\u00e1 como patrim\u00f4nio educacional que, ao longo de mais de cinco d\u00e9cadas, tem promovido ensino de qualidade, inova\u00e7\u00e3o e desenvolvimento humano e social. O reitor da institui\u00e7\u00e3o, Prof. Dr. Fabr\u00edcio Borges Oliveira, apresentou a trajet\u00f3ria do Uniarax\u00e1 e ressaltou sua contribui\u00e7\u00e3o na forma\u00e7\u00e3o de milhares de profissionais que hoje atuam em diversas \u00e1reas de Arax\u00e1 e em 27 munic\u00edpios da regi\u00e3o, abrangendo mais de 800 mil habitantes. Atualmente, a institui\u00e7\u00e3o oferece 22 cursos presenciais e atende a mais de 1.700 alunos nessa modalidade, al\u00e9m de anunciar a abertura de novos cursos nos pr\u00f3ximos vestibulares, como Farm\u00e1cia, Terapia Ocupacional e Zootecnia. Na modalidade de educa\u00e7\u00e3o a dist\u00e2ncia, o Uniarax\u00e1 conta com 45 polos em funcionamento e 38 cursos de gradua\u00e7\u00e3o, alcan\u00e7ando mais de 1.200 estudantes. A institui\u00e7\u00e3o disp\u00f5e de um corpo docente formado por 135 professores, apoiados por 61 t\u00e9cnicos administrativos e 10 estagi\u00e1rios. Mais de 90% dos alunos t\u00eam acesso a algum tipo de bolsa ou benef\u00edcio, ampliando as oportunidades de forma\u00e7\u00e3o. Por fim, foi anunciado que o Uniarax\u00e1 sediar\u00e1 o Centro de Inova\u00e7\u00e3o Arax\u00e1, um investimento de aproximadamente R$ 4 milh\u00f5es, fruto de parceria entre o poder p\u00fablico e a iniciativa privada, reafirmando seu compromisso com a pesquisa, a tecnologia e o desenvolvimento regional. A sess\u00e3o contou ainda com depoimentos de integrantes da comunidade que ressaltaram a for\u00e7a da educa\u00e7\u00e3o em suas vidas, representados pelos egressos Padre S\u00e9rgio M\u00e1rcio de Oliveira, o empres\u00e1rio Edsoney Max Alves e o vice-prefeito Bosco J\u00fanior. Durante a solenidade, o Uniarax\u00e1 homenageou os vereadores ex-alunos da institui\u00e7\u00e3o que hoje exercem papel importante no Legislativo Municipal. Receberam a honraria os parlamentares:<\/p>\n\n\n\n<p>Rodrigo Eduardo da Silva (Investigador Rodrigo) \u2013 Direito<\/p>\n\n\n\n<p>Jales Andr\u00e9 dos Santos (Professor Jales) \u2013 Pedagogia<\/p>\n\n\n\n<p>Raphael Rios de Oliveira \u2013 Direito<\/p>\n","protected":false},"excerpt":{"rendered":"<p>A C\u00e2mara Municipal de Arax\u00e1 realizou, no \u00faltimo dia 28 de agosto, uma Sess\u00e3o Solene em celebra\u00e7\u00e3o aos 53 anos<\/p>\n","protected":false},"author":2,"featured_media":8714,"comment_status":"open","ping_status":"open","sticky":false,"template":"","format":"standard","meta":{"footnotes":""},"categories":[9,11],"tags":[],"class_list":["post-8713","post","type-post","status-publish","format-standard","has-post-thumbnail","hentry","category-araxa","category-destaques"],"_links":{"self":[{"href":"http:\/\/blogdoarmindomaia.com.br\/index.php?rest_route=\/wp\/v2\/posts\/8713","targetHints":{"allow":["GET"]}}],"collection":[{"href":"http:\/\/blogdoarmindomaia.com.br\/index.php?rest_route=\/wp\/v2\/posts"}],"about":[{"href":"http:\/\/blogdoarmindomaia.com.br\/index.php?rest_route=\/wp\/v2\/types\/post"}],"author":[{"embeddable":true,"href":"http:\/\/blogdoarmindomaia.com.br\/index.php?rest_route=\/wp\/v2\/users\/2"}],"replies":[{"embeddable":true,"href":"http:\/\/blogdoarmindomaia.com.br\/index.php?rest_route=%2Fwp%2Fv2%2Fcomments&post=8713"}],"version-history":[{"count":1,"href":"http:\/\/blogdoarmindomaia.com.br\/index.php?rest_route=\/wp\/v2\/posts\/8713\/revisions"}],"predecessor-version":[{"id":8715,"href":"http:\/\/blogdoarmindomaia.com.br\/index.php?rest_route=\/wp\/v2\/posts\/8713\/revisions\/8715"}],"wp:featuredmedia":[{"embeddable":true,"href":"http:\/\/blogdoarmindomaia.com.br\/index.php?rest_route=\/wp\/v2\/media\/8714"}],"wp:attachment":[{"href":"http:\/\/blogdoarmindomaia.com.br\/index.php?rest_route=%2Fwp%2Fv2%2Fmedia&parent=8713"}],"wp:term":[{"taxonomy":"category","embeddable":true,"href":"http:\/\/blogdoarmindomaia.com.br\/index.php?rest_route=%2Fwp%2Fv2%2Fcategories&post=8713"},{"taxonomy":"post_tag","embeddable":true,"href":"http:\/\/blogdoarmindomaia.com.br\/index.php?rest_route=%2Fwp%2Fv2%2Ftags&post=8713"}],"curies":[{"name":"wp","href":"https:\/\/api.w.org\/{rel}","templated":true}]}}