{"id":8717,"date":"2025-09-11T14:47:59","date_gmt":"2025-09-11T17:47:59","guid":{"rendered":"http:\/\/blogdoarmindomaia.com.br\/?p=8717"},"modified":"2025-09-11T14:48:00","modified_gmt":"2025-09-11T17:48:00","slug":"filarmonica-de-minas-gerais-reune-mais-de-1-700-pessoas-em-araxa","status":"publish","type":"post","link":"http:\/\/blogdoarmindomaia.com.br\/?p=8717","title":{"rendered":"Filarm\u00f4nica de Minas Gerais re\u00fane mais de 1.700 pessoas em Arax\u00e1"},"content":{"rendered":"\n<figure class=\"wp-block-image size-large\"><img loading=\"lazy\" decoding=\"async\" width=\"1024\" height=\"768\" src=\"http:\/\/blogdoarmindomaia.com.br\/wp-content\/uploads\/2025\/09\/Filarmonica-de-Minas-Gerais-reune-mais-de-1.700-pessoas-em-Araxa-pag-16-1024x768.jpeg\" alt=\"\" class=\"wp-image-8718\" srcset=\"http:\/\/blogdoarmindomaia.com.br\/wp-content\/uploads\/2025\/09\/Filarmonica-de-Minas-Gerais-reune-mais-de-1.700-pessoas-em-Araxa-pag-16-1024x768.jpeg 1024w, http:\/\/blogdoarmindomaia.com.br\/wp-content\/uploads\/2025\/09\/Filarmonica-de-Minas-Gerais-reune-mais-de-1.700-pessoas-em-Araxa-pag-16-300x225.jpeg 300w, http:\/\/blogdoarmindomaia.com.br\/wp-content\/uploads\/2025\/09\/Filarmonica-de-Minas-Gerais-reune-mais-de-1.700-pessoas-em-Araxa-pag-16-768x576.jpeg 768w, http:\/\/blogdoarmindomaia.com.br\/wp-content\/uploads\/2025\/09\/Filarmonica-de-Minas-Gerais-reune-mais-de-1.700-pessoas-em-Araxa-pag-16-1536x1152.jpeg 1536w, http:\/\/blogdoarmindomaia.com.br\/wp-content\/uploads\/2025\/09\/Filarmonica-de-Minas-Gerais-reune-mais-de-1.700-pessoas-em-Araxa-pag-16-2048x1536.jpeg 2048w\" sizes=\"auto, (max-width: 1024px) 100vw, 1024px\" \/><\/figure>\n\n\n\n<p>Mais de 1.700 pessoas prestigiaram a apresenta\u00e7\u00e3o gratuita da Orquestra Filarm\u00f4nica de Minas Gerais no p\u00e1tio da FCCB, em Arax\u00e1. O concerto fez parte da temporada 2025 da orquestra e contou com acessibilidade em Libras, sob a reg\u00eancia do maestro associado Jos\u00e9 Soares. A apresenta\u00e7\u00e3o aconteceu no \u00faltimo s\u00e1bado (6). O concerto, aberto \u00e0 comunidade, contou com acessibilidade em Libras. O repert\u00f3rio incluiu obras de compositores nacionais e internacionais, oferecendo ao p\u00fablico uma verdadeira imers\u00e3o cultural em um espa\u00e7o democr\u00e1tico e inclusivo. Durante sua passagem por Arax\u00e1, al\u00e9m da apresenta\u00e7\u00e3o na Funda\u00e7\u00e3o Calmon Barreto foram promovidas diversas a\u00e7\u00f5es educativas e culturais que fortaleceram o v\u00ednculo entre m\u00fasicos e comunidade local e oficinas no Clube Arax\u00e1 para artistas da cidade. Outro destaque foi o concerto did\u00e1tico gratuito no Centro Cultural Uniarax\u00e1 (Teatro CBMM), voltado a estudantes da rede p\u00fablica. A iniciativa permitiu que crian\u00e7as e adolescentes tivessem contato direto com o universo da m\u00fasica de concerto, de forma acess\u00edvel e interativa. A Orquestra Filarm\u00f4nica de Minas Gerais em Arax\u00e1 foi apresentada pelo Minist\u00e9rio da Cultura, Governo de Minas Gerais e CBMM, por meio da Lei Federal de Incentivo \u00e0 Cultura e da Lei Estadual de Incentivo \u00e0 Cultura de Minas Gerais.<\/p>\n","protected":false},"excerpt":{"rendered":"<p>Mais de 1.700 pessoas prestigiaram a apresenta\u00e7\u00e3o gratuita da Orquestra Filarm\u00f4nica de Minas Gerais no p\u00e1tio da FCCB, em Arax\u00e1.<\/p>\n","protected":false},"author":2,"featured_media":8718,"comment_status":"open","ping_status":"open","sticky":false,"template":"","format":"standard","meta":{"footnotes":""},"categories":[9,11],"tags":[],"class_list":["post-8717","post","type-post","status-publish","format-standard","has-post-thumbnail","hentry","category-araxa","category-destaques"],"_links":{"self":[{"href":"http:\/\/blogdoarmindomaia.com.br\/index.php?rest_route=\/wp\/v2\/posts\/8717","targetHints":{"allow":["GET"]}}],"collection":[{"href":"http:\/\/blogdoarmindomaia.com.br\/index.php?rest_route=\/wp\/v2\/posts"}],"about":[{"href":"http:\/\/blogdoarmindomaia.com.br\/index.php?rest_route=\/wp\/v2\/types\/post"}],"author":[{"embeddable":true,"href":"http:\/\/blogdoarmindomaia.com.br\/index.php?rest_route=\/wp\/v2\/users\/2"}],"replies":[{"embeddable":true,"href":"http:\/\/blogdoarmindomaia.com.br\/index.php?rest_route=%2Fwp%2Fv2%2Fcomments&post=8717"}],"version-history":[{"count":1,"href":"http:\/\/blogdoarmindomaia.com.br\/index.php?rest_route=\/wp\/v2\/posts\/8717\/revisions"}],"predecessor-version":[{"id":8719,"href":"http:\/\/blogdoarmindomaia.com.br\/index.php?rest_route=\/wp\/v2\/posts\/8717\/revisions\/8719"}],"wp:featuredmedia":[{"embeddable":true,"href":"http:\/\/blogdoarmindomaia.com.br\/index.php?rest_route=\/wp\/v2\/media\/8718"}],"wp:attachment":[{"href":"http:\/\/blogdoarmindomaia.com.br\/index.php?rest_route=%2Fwp%2Fv2%2Fmedia&parent=8717"}],"wp:term":[{"taxonomy":"category","embeddable":true,"href":"http:\/\/blogdoarmindomaia.com.br\/index.php?rest_route=%2Fwp%2Fv2%2Fcategories&post=8717"},{"taxonomy":"post_tag","embeddable":true,"href":"http:\/\/blogdoarmindomaia.com.br\/index.php?rest_route=%2Fwp%2Fv2%2Ftags&post=8717"}],"curies":[{"name":"wp","href":"https:\/\/api.w.org\/{rel}","templated":true}]}}