{"id":8723,"date":"2025-09-11T14:56:31","date_gmt":"2025-09-11T17:56:31","guid":{"rendered":"http:\/\/blogdoarmindomaia.com.br\/?p=8723"},"modified":"2025-09-11T14:58:14","modified_gmt":"2025-09-11T17:58:14","slug":"academicos-de-enfermagem-do-uniaraxa-participam-de-emocionante-cerimonia-do-jaleco","status":"publish","type":"post","link":"http:\/\/blogdoarmindomaia.com.br\/?p=8723","title":{"rendered":"Acad\u00eamicos de Enfermagem do UNIARAX\u00c1 participam de emocionante Cerim\u00f4nia do Jaleco"},"content":{"rendered":"\n<figure class=\"wp-block-image size-large\"><img loading=\"lazy\" decoding=\"async\" width=\"1024\" height=\"682\" src=\"http:\/\/blogdoarmindomaia.com.br\/wp-content\/uploads\/2025\/09\/9c1e669e-d21c-498e-a868-afd6ce8a649a-1-1024x682.jpg\" alt=\"\" class=\"wp-image-8727\" srcset=\"http:\/\/blogdoarmindomaia.com.br\/wp-content\/uploads\/2025\/09\/9c1e669e-d21c-498e-a868-afd6ce8a649a-1-1024x682.jpg 1024w, http:\/\/blogdoarmindomaia.com.br\/wp-content\/uploads\/2025\/09\/9c1e669e-d21c-498e-a868-afd6ce8a649a-1-300x200.jpg 300w, http:\/\/blogdoarmindomaia.com.br\/wp-content\/uploads\/2025\/09\/9c1e669e-d21c-498e-a868-afd6ce8a649a-1-768x512.jpg 768w, http:\/\/blogdoarmindomaia.com.br\/wp-content\/uploads\/2025\/09\/9c1e669e-d21c-498e-a868-afd6ce8a649a-1-1536x1023.jpg 1536w, http:\/\/blogdoarmindomaia.com.br\/wp-content\/uploads\/2025\/09\/9c1e669e-d21c-498e-a868-afd6ce8a649a-1.jpg 1600w\" sizes=\"auto, (max-width: 1024px) 100vw, 1024px\" \/><\/figure>\n\n\n\n<p>Na noite do dia 21 de agosto de 2025, o Centro Cultural UNIARAX\u00c1 \u2013 Teatro CBMM, foi palco de uma das cerim\u00f4nias mais simb\u00f3licas da forma\u00e7\u00e3o em Enfermagem: a tradicional Cerim\u00f4nia do Jaleco, que reuniu estudantes, familiares, professores e convidados em um momento de celebra\u00e7\u00e3o, emo\u00e7\u00e3o e compromisso profissional.<\/p>\n\n\n\n<p>A solenidade marcou o in\u00edcio oficial da jornada pr\u00e1tica de 22 acad\u00eamicos do curso de Enfermagem, que receberam seus jalecos das m\u00e3os de seus padrinhos, simbolizando a transi\u00e7\u00e3o para o ciclo de forma\u00e7\u00e3o cl\u00ednica, com atividades de campo e est\u00e1gio. Mais do que uma vestimenta, o jaleco branco representa os pilares que sustentam a profiss\u00e3o: \u00e9tica, responsabilidade, empatia e cuidado com o pr\u00f3ximo.<\/p>\n\n\n\n<p>A mesa diretora do evento foi composta pelo Pr\u00f3-Reitor de Ensino, Pesquisa e Extens\u00e3o do UNIARAX\u00c1, Prof. Me. Jos\u00e9 Oscar de Melo, pela Coordenadora do Curso de Enfermagem, Profa. Me. Nara Talita Porto de Faria, e pela madrinha da turma, Sra. Camila Roberto da Costa Borges Caixeta, profissional refer\u00eancia na \u00e1rea da Enfermagem e inspira\u00e7\u00e3o para os futuros enfermeiros.<\/p>\n\n\n\n<p>O evento refor\u00e7ou o papel da Enfermagem como profiss\u00e3o essencial no cuidado integral do indiv\u00edduo. A madrinha da turma Enfermeira Camila Borges, falou sobre os desafios e recompensas da profiss\u00e3o, encorajando os alunos a manterem viva a ess\u00eancia do cuidado humanizado, a \u00e9tica e a dedica\u00e7\u00e3o.<\/p>\n\n\n\n<p>A cerim\u00f4nia foi marcada por momentos de profunda emo\u00e7\u00e3o, homenagens e orgulho compartilhado entre estudantes e familiares. Ao final, os acad\u00eamicos deixaram o palco com seus jalecos vestidos, prontos para encarar os desafios da pr\u00e1tica profissional com responsabilidade, sensibilidade e dedica\u00e7\u00e3o.<\/p>\n\n\n\n<p>O UNIARAX\u00c1 parabeniza os estudantes pela conquista e refor\u00e7a seu compromisso com a forma\u00e7\u00e3o de profissionais qualificados, \u00e9ticos e comprometidos com o cuidado \u00e0 sa\u00fade da comunidade.<\/p>\n\n\n\n<p><\/p>\n","protected":false},"excerpt":{"rendered":"<p>Na noite do dia 21 de agosto de 2025, o Centro Cultural UNIARAX\u00c1 \u2013 Teatro CBMM, foi palco de uma<\/p>\n","protected":false},"author":2,"featured_media":8724,"comment_status":"open","ping_status":"open","sticky":false,"template":"","format":"standard","meta":{"footnotes":""},"categories":[9,11],"tags":[],"class_list":["post-8723","post","type-post","status-publish","format-standard","has-post-thumbnail","hentry","category-araxa","category-destaques"],"_links":{"self":[{"href":"http:\/\/blogdoarmindomaia.com.br\/index.php?rest_route=\/wp\/v2\/posts\/8723","targetHints":{"allow":["GET"]}}],"collection":[{"href":"http:\/\/blogdoarmindomaia.com.br\/index.php?rest_route=\/wp\/v2\/posts"}],"about":[{"href":"http:\/\/blogdoarmindomaia.com.br\/index.php?rest_route=\/wp\/v2\/types\/post"}],"author":[{"embeddable":true,"href":"http:\/\/blogdoarmindomaia.com.br\/index.php?rest_route=\/wp\/v2\/users\/2"}],"replies":[{"embeddable":true,"href":"http:\/\/blogdoarmindomaia.com.br\/index.php?rest_route=%2Fwp%2Fv2%2Fcomments&post=8723"}],"version-history":[{"count":2,"href":"http:\/\/blogdoarmindomaia.com.br\/index.php?rest_route=\/wp\/v2\/posts\/8723\/revisions"}],"predecessor-version":[{"id":8728,"href":"http:\/\/blogdoarmindomaia.com.br\/index.php?rest_route=\/wp\/v2\/posts\/8723\/revisions\/8728"}],"wp:featuredmedia":[{"embeddable":true,"href":"http:\/\/blogdoarmindomaia.com.br\/index.php?rest_route=\/wp\/v2\/media\/8724"}],"wp:attachment":[{"href":"http:\/\/blogdoarmindomaia.com.br\/index.php?rest_route=%2Fwp%2Fv2%2Fmedia&parent=8723"}],"wp:term":[{"taxonomy":"category","embeddable":true,"href":"http:\/\/blogdoarmindomaia.com.br\/index.php?rest_route=%2Fwp%2Fv2%2Fcategories&post=8723"},{"taxonomy":"post_tag","embeddable":true,"href":"http:\/\/blogdoarmindomaia.com.br\/index.php?rest_route=%2Fwp%2Fv2%2Ftags&post=8723"}],"curies":[{"name":"wp","href":"https:\/\/api.w.org\/{rel}","templated":true}]}}