{"id":8743,"date":"2025-10-02T23:28:22","date_gmt":"2025-10-03T02:28:22","guid":{"rendered":"http:\/\/blogdoarmindomaia.com.br\/?p=8743"},"modified":"2025-10-02T23:28:23","modified_gmt":"2025-10-03T02:28:23","slug":"em-noite-de-festa-cbmm-realiza-cerimonia-de-entrega-do-premio-de-ciencia-e-tecnologia-2025","status":"publish","type":"post","link":"http:\/\/blogdoarmindomaia.com.br\/?p=8743","title":{"rendered":"Em noite de festa, CBMM realiza cerim\u00f4nia de entrega do Pr\u00eamio de Ci\u00eancia e Tecnologia 2025"},"content":{"rendered":"\n<figure class=\"wp-block-image size-large is-resized\"><img loading=\"lazy\" decoding=\"async\" width=\"771\" height=\"1024\" src=\"http:\/\/blogdoarmindomaia.com.br\/wp-content\/uploads\/2025\/10\/Jarbas-Neto-771x1024.jpeg\" alt=\"\" class=\"wp-image-8744\" style=\"width:768px;height:auto\" srcset=\"http:\/\/blogdoarmindomaia.com.br\/wp-content\/uploads\/2025\/10\/Jarbas-Neto-771x1024.jpeg 771w, http:\/\/blogdoarmindomaia.com.br\/wp-content\/uploads\/2025\/10\/Jarbas-Neto-226x300.jpeg 226w, http:\/\/blogdoarmindomaia.com.br\/wp-content\/uploads\/2025\/10\/Jarbas-Neto-768x1021.jpeg 768w, http:\/\/blogdoarmindomaia.com.br\/wp-content\/uploads\/2025\/10\/Jarbas-Neto-1156x1536.jpeg 1156w, http:\/\/blogdoarmindomaia.com.br\/wp-content\/uploads\/2025\/10\/Jarbas-Neto.jpeg 1204w\" sizes=\"auto, (max-width: 771px) 100vw, 771px\" \/><\/figure>\n\n\n\n<figure class=\"wp-block-image size-large\"><img loading=\"lazy\" decoding=\"async\" width=\"771\" height=\"1024\" src=\"http:\/\/blogdoarmindomaia.com.br\/wp-content\/uploads\/2025\/10\/Paulo-Neto-771x1024.jpeg\" alt=\"\" class=\"wp-image-8745\" srcset=\"http:\/\/blogdoarmindomaia.com.br\/wp-content\/uploads\/2025\/10\/Paulo-Neto-771x1024.jpeg 771w, http:\/\/blogdoarmindomaia.com.br\/wp-content\/uploads\/2025\/10\/Paulo-Neto-226x300.jpeg 226w, http:\/\/blogdoarmindomaia.com.br\/wp-content\/uploads\/2025\/10\/Paulo-Neto-768x1021.jpeg 768w, http:\/\/blogdoarmindomaia.com.br\/wp-content\/uploads\/2025\/10\/Paulo-Neto-1156x1536.jpeg 1156w, http:\/\/blogdoarmindomaia.com.br\/wp-content\/uploads\/2025\/10\/Paulo-Neto.jpeg 1204w\" sizes=\"auto, (max-width: 771px) 100vw, 771px\" \/><\/figure>\n\n\n\n<p>Terminou agora a pouco em Belo Horizonte (noite desta quinta-feira, 02 de outubro), no Espa\u00e7o de Eventos Sal\u00e3o Minas Gerais, a solenidade de entrega do Pr\u00eamio CBMM de Ci\u00eancia e Tecnologia 2025. E o Jornal Intera\u00e7\u00e3o, esteve presente cobrindo no evento cobrindo no local a festa de premia\u00e7\u00e3o aos dois vencedores da S\u00e9tima Edi\u00e7\u00e3o do Pr\u00eamio.<\/p>\n\n\n\n<p><\/p>\n\n\n\n<p>Criado em 2019, o pr\u00eamio consolidou-se como uma das principais iniciativas nacionais de reconhecimento \u00e0 produ\u00e7\u00e3o cient\u00edfica e tecnol\u00f3gica, destacando profissionais que transformam a sociedade por meio de suas pesquisas.&nbsp; O resultado da 7\u00aa edi\u00e7\u00e3o do Pr\u00eamio foi divulgado em 18 de agosto e consagrou mais dois profissionais de destaque no cen\u00e1rio nacional. E a noite na capital mineira foi muito especial para os dois vencedores nas categorias ci\u00eancia e tecnologia. Cada um recebeu o pr\u00eamio de 700 mil reais. Confira o curr\u00edculo de cada um:<\/p>\n\n\n\n<p>Categoria Ci\u00eancia<\/p>\n\n\n\n<p>Paulo Eduardo Artaxo Netto<\/p>\n\n\n\n<p>\u00c9 um dos pesquisadores mais citados do mundo nos \u00faltimos 10 anos na \u00e1rea ambiental.&nbsp; \u00c9 uma voz atuante no enfrentamento da crise clim\u00e1tica. Professor titular do Instituto de F\u00edsica da USP, coordena o Centro de Estudos Amaz\u00f4nia Sustent\u00e1vel e construiu sua carreira em pesquisas sobre mudan\u00e7as clim\u00e1ticas e a sustentabilidade da Amaz\u00f4nia. Membro do Painel Intergovernamental de Mudan\u00e7as Clim\u00e1ticas da ONU (IPCC) e integrou a equipe do \u00f3rg\u00e3o reconhecida com o Pr\u00eamio Nobel da Paz em 2007. Suas pesquisas sobre altera\u00e7\u00f5es clim\u00e1ticas, radia\u00e7\u00e3o, ciclo da \u00e1gua e ecossistemas s\u00e3o refer\u00eancia mundial e t\u00eam servido de guia para governos, empresas e institui\u00e7\u00f5es. Reconhecido internacionalmente, j\u00e1 recebeu honrarias como o t\u00edtulo de Doutor Honoris Causa pela Universidade de Estocolmo e o pr\u00eamio PIFI da Chinese Academy of Sciences.<\/p>\n\n\n\n<p>Categoria Tecnologia<\/p>\n\n\n\n<p>Jarbas Caiado de Castro Neto<\/p>\n\n\n\n<p>Mestre em F\u00edsica pela USP e PhD pelo Massachusetts Institute of Technology (MIT), \u00e9 professor titular do Instituto de F\u00edsica de S\u00e3o Carlos (IFSC-USP), onde fundou, em 1982, o Grupo de \u00d3ptica, atualmente com cerca de 250 membros. Criou tamb\u00e9m a Oficina de \u00d3ptica de Precis\u00e3o do IFSC, ber\u00e7o de inova\u00e7\u00f5es tecnol\u00f3gicas e empreendedorismo \u00fanico no pa\u00eds, al\u00e9m de diversas empresas e espa\u00e7os de pesquisa aplicada. Os equipamentos desenvolvidos pelo professor Caiado transformaram a pr\u00e1tica m\u00e9dica e tecnol\u00f3gica no Brasil e no mundo. Seus lasers verdes, por exemplo, j\u00e1 preservaram a vis\u00e3o de milh\u00f5es de pessoas e tornaram-se ferramenta padr\u00e3o para oftalmologistas brasileiros.&nbsp; Sua contribui\u00e7\u00e3o tamb\u00e9m est\u00e1 presente em c\u00e2meras de sat\u00e9lites, microsc\u00f3pios, top\u00f3grafos e outros instrumentos de precis\u00e3o aplicados em \u00e1reas como oftalmologia, odontologia, agricultura, defesa e explora\u00e7\u00e3o espacial.<\/p>\n\n\n\n<p>Os dois vencedores receberam a premia\u00e7\u00e3o das m\u00e3os de Ricardo Fonseca de Mendon\u00e7a Lima, o &nbsp;Vice-Presidente de Opera\u00e7\u00f5es e Tecnologia &nbsp;da CBMM.<\/p>\n\n\n\n<p>&nbsp;Na pr\u00f3xima edi\u00e7\u00e3o impressa do JORNAL INTERA\u00c7\u00c3O, todos os detalhes, fotos e principais momentos da noite de premia\u00e7\u00e3o, ser\u00e3o destacados com exclusividade.<\/p>\n","protected":false},"excerpt":{"rendered":"<p>Terminou agora a pouco em Belo Horizonte (noite desta quinta-feira, 02 de outubro), no Espa\u00e7o de Eventos Sal\u00e3o Minas Gerais,<\/p>\n","protected":false},"author":2,"featured_media":8744,"comment_status":"open","ping_status":"open","sticky":false,"template":"","format":"standard","meta":{"footnotes":""},"categories":[9,11],"tags":[],"class_list":["post-8743","post","type-post","status-publish","format-standard","has-post-thumbnail","hentry","category-araxa","category-destaques"],"_links":{"self":[{"href":"http:\/\/blogdoarmindomaia.com.br\/index.php?rest_route=\/wp\/v2\/posts\/8743","targetHints":{"allow":["GET"]}}],"collection":[{"href":"http:\/\/blogdoarmindomaia.com.br\/index.php?rest_route=\/wp\/v2\/posts"}],"about":[{"href":"http:\/\/blogdoarmindomaia.com.br\/index.php?rest_route=\/wp\/v2\/types\/post"}],"author":[{"embeddable":true,"href":"http:\/\/blogdoarmindomaia.com.br\/index.php?rest_route=\/wp\/v2\/users\/2"}],"replies":[{"embeddable":true,"href":"http:\/\/blogdoarmindomaia.com.br\/index.php?rest_route=%2Fwp%2Fv2%2Fcomments&post=8743"}],"version-history":[{"count":1,"href":"http:\/\/blogdoarmindomaia.com.br\/index.php?rest_route=\/wp\/v2\/posts\/8743\/revisions"}],"predecessor-version":[{"id":8746,"href":"http:\/\/blogdoarmindomaia.com.br\/index.php?rest_route=\/wp\/v2\/posts\/8743\/revisions\/8746"}],"wp:featuredmedia":[{"embeddable":true,"href":"http:\/\/blogdoarmindomaia.com.br\/index.php?rest_route=\/wp\/v2\/media\/8744"}],"wp:attachment":[{"href":"http:\/\/blogdoarmindomaia.com.br\/index.php?rest_route=%2Fwp%2Fv2%2Fmedia&parent=8743"}],"wp:term":[{"taxonomy":"category","embeddable":true,"href":"http:\/\/blogdoarmindomaia.com.br\/index.php?rest_route=%2Fwp%2Fv2%2Fcategories&post=8743"},{"taxonomy":"post_tag","embeddable":true,"href":"http:\/\/blogdoarmindomaia.com.br\/index.php?rest_route=%2Fwp%2Fv2%2Ftags&post=8743"}],"curies":[{"name":"wp","href":"https:\/\/api.w.org\/{rel}","templated":true}]}}