{"id":8747,"date":"2025-10-06T11:40:54","date_gmt":"2025-10-06T14:40:54","guid":{"rendered":"http:\/\/blogdoarmindomaia.com.br\/?p=8747"},"modified":"2025-10-06T11:40:55","modified_gmt":"2025-10-06T14:40:55","slug":"cerimonia-do-premio-cbmm-de-ciencia-e-tecnologia-2025-celebra-sustentabilidade-e-inovacao","status":"publish","type":"post","link":"http:\/\/blogdoarmindomaia.com.br\/?p=8747","title":{"rendered":"Cerim\u00f4nia do Pr\u00eamio CBMM de Ci\u00eancia e Tecnologia 2025 celebra sustentabilidade e inova\u00e7\u00e3o\u00a0\u00a0\u00a0"},"content":{"rendered":"\n<figure class=\"wp-block-image size-large\"><img loading=\"lazy\" decoding=\"async\" width=\"1024\" height=\"682\" src=\"http:\/\/blogdoarmindomaia.com.br\/wp-content\/uploads\/2025\/10\/Cerimonia-do-Premio-CBMM-de-Ciencia-e-Tecnologia-2025-celebra-sustentabilidade-e-inovacao-pag-16-1024x682.jpeg\" alt=\"\" class=\"wp-image-8748\" srcset=\"http:\/\/blogdoarmindomaia.com.br\/wp-content\/uploads\/2025\/10\/Cerimonia-do-Premio-CBMM-de-Ciencia-e-Tecnologia-2025-celebra-sustentabilidade-e-inovacao-pag-16-1024x682.jpeg 1024w, http:\/\/blogdoarmindomaia.com.br\/wp-content\/uploads\/2025\/10\/Cerimonia-do-Premio-CBMM-de-Ciencia-e-Tecnologia-2025-celebra-sustentabilidade-e-inovacao-pag-16-300x200.jpeg 300w, http:\/\/blogdoarmindomaia.com.br\/wp-content\/uploads\/2025\/10\/Cerimonia-do-Premio-CBMM-de-Ciencia-e-Tecnologia-2025-celebra-sustentabilidade-e-inovacao-pag-16-768x512.jpeg 768w, http:\/\/blogdoarmindomaia.com.br\/wp-content\/uploads\/2025\/10\/Cerimonia-do-Premio-CBMM-de-Ciencia-e-Tecnologia-2025-celebra-sustentabilidade-e-inovacao-pag-16-1536x1024.jpeg 1536w, http:\/\/blogdoarmindomaia.com.br\/wp-content\/uploads\/2025\/10\/Cerimonia-do-Premio-CBMM-de-Ciencia-e-Tecnologia-2025-celebra-sustentabilidade-e-inovacao-pag-16-2048x1365.jpeg 2048w\" sizes=\"auto, (max-width: 1024px) 100vw, 1024px\" \/><\/figure>\n\n\n\n<p>A CBMM, l\u00edder mundial na produ\u00e7\u00e3o e comercializa\u00e7\u00e3o de produtos de Ni\u00f3bio, realizou na noite desta quinta-feira (02\/10) a cerim\u00f4nia de premia\u00e7\u00e3o da s\u00e9tima edi\u00e7\u00e3o do <strong>Pr\u00eamio CBMM de Ci\u00eancia e Tecnologia<\/strong>, na Sala Minas Gerais, em Belo Horizonte. O evento contou com a apresenta\u00e7\u00e3o da Orquestra Filarm\u00f4nica de Minas Gerais.&nbsp;<\/p>\n\n\n\n<p>Ao destacar a vis\u00e3o estrat\u00e9gica e o compromisso com o desenvolvimento sustent\u00e1vel dos pesquisadores <strong>Paulo Eduardo Artaxo Netto<\/strong>, professor titular do Instituto de F\u00edsica da Universidade de S\u00e3o Paulo (USP), e <strong>Jarbas Caiado de Castro Neto<\/strong>, professor titular do Instituto de F\u00edsica de S\u00e3o Carlos (IFSC-USP), a CBMM reconhece trajet\u00f3rias de brasileiros que contribu\u00edram para posicionar o pa\u00eds na vanguarda da gera\u00e7\u00e3o de conhecimento e da inova\u00e7\u00e3o aplicada.&nbsp;<\/p>\n\n\n\n<p>\u201cA CBMM \u00e9 movida pela inova\u00e7\u00e3o e a Ci\u00eancia e a Tecnologia fazem parte de nossa trajet\u00f3ria. Foi com esse esp\u00edrito que, em 2019, criamos o Pr\u00eamio CBMM, com o objetivo de reconhecer profissionais que transformam conhecimento em solu\u00e7\u00f5es concretas para a sociedade\u201d, explica Ricardo Lima, CEO da CBMM.&nbsp;<\/p>\n\n\n\n<p>Os vencedores desta edi\u00e7\u00e3o foram escolhidos entre mais de dois mil inscritos. Os candidatos s\u00e3o avaliados por uma comiss\u00e3o julgadora independente, formada por renomados profissionais e representantes da academia, garantindo imparcialidade e rigor no processo de sele\u00e7\u00e3o.&nbsp;<\/p>\n\n\n\n<p>&#8220;O Pr\u00eamio CBMM tem um valor inestim\u00e1vel para toda a sociedade brasileira. \u00c9 um dos poucos exemplos, onde vemos o apoio da iniciativa privada ao desenvolvimento cient\u00edfico tecnol\u00f3gico nacional\u201d, destacou Paulo Artaxo durante a cerim\u00f4nia de premia\u00e7\u00e3o.&nbsp;<\/p>\n\n\n\n<p>Jarbas Caiado tamb\u00e9m se emocionou durante a cerim\u00f4nia: \u201cEste pr\u00eamio se tornou o mais importante do Brasil, quando falamos em ci\u00eancia e tecnologia. Receber este pr\u00eamio \u00e9 uma grande honra. \u00c9 um grande marco em minha trajet\u00f3ria\u201d.&nbsp;<\/p>\n\n\n\n<p>\u201cA premia\u00e7\u00e3o n\u00e3o apenas reconhece grandes legados, mas tamb\u00e9m inspira novas gera\u00e7\u00f5es. N\u00f3s da CBMM acreditamos que fomentar a pesquisa cient\u00edfica e tecnol\u00f3gica \u00e9 essencial para que o Brasil conquiste o protagonismo que merece no cen\u00e1rio internacional. Sem esses pilares, n\u00e3o h\u00e1 progresso econ\u00f4mico, social ou ambiental sustent\u00e1vel\u201d, refor\u00e7a Ricardo Lima.&nbsp;<\/p>\n\n\n\n<p>Criado em 2019, o <a href=\"https:\/\/premiocbmm.com.br\/\" target=\"_blank\" rel=\"noreferrer noopener\">Pr\u00eamio CBMM de Ci\u00eancia e Tecnologia<\/a> valoriza talentos que contribuem com a produ\u00e7\u00e3o cient\u00edfica e tecnol\u00f3gica brasileira e seu impacto na sociedade. Desde sua primeira edi\u00e7\u00e3o, o Pr\u00eamio recebeu mais de 6.300 inscri\u00e7\u00f5es de profissionais de todas as regi\u00f5es do pa\u00eds, abrangendo \u00e1reas como F\u00edsica, Qu\u00edmica, Ci\u00eancias da Vida, Engenharias, Matem\u00e1tica, Computa\u00e7\u00e3o e Ci\u00eancias da Terra. Para concorrer, os pesquisadores se inscrevem voluntariamente ou s\u00e3o indicados por institui\u00e7\u00f5es, empresas e profissionais renomados nas \u00e1reas de Ci\u00eancia e Tecnologia.&nbsp;<\/p>\n\n\n\n<p><strong>Conhe\u00e7a os vencedores do Pr\u00eamio CBMM de Ci\u00eancia e Tecnologia 2025:<\/strong>&nbsp;<\/p>\n\n\n\n<p>Na <strong>categoria<\/strong> <strong>Ci\u00eancia<\/strong>, o vencedor foi <strong>Paulo Eduardo Artaxo Netto<\/strong>, professor titular do Instituto de F\u00edsica da USP, onde coordena o Centro de Estudos Amaz\u00f4nia Sustent\u00e1vel. \u00c9 membro do Painel Intergovernamental de Mudan\u00e7as Clim\u00e1ticas da ONU (IPCC) e pautou sua carreira nas pesquisas sobre mudan\u00e7as clim\u00e1ticas e a sustentabilidade ambiental da Amaz\u00f4nia. Recebeu diversos pr\u00eamios e reconhecimentos internacionais, como o t\u00edtulo de Doutor Honoris Causa na Universidade de Estocolmo, o pr\u00eamio PIFI da Chinese Academy of Sciences e fez parte da equipe do IPCC que foi agraciada com o Pr\u00eamio Nobel da Paz em 2007. \u00c9 um dos pesquisadores mais citados no mundo nos \u00faltimos 10 anos na \u00e1rea ambiental.&nbsp;<\/p>\n\n\n\n<p>Artaxo \u00e9 uma voz atuante no enfrentamento da crise clim\u00e1tica. Suas pesquisas sobre como a\u00e7\u00f5es humanas alteram o clima, o balan\u00e7o de radia\u00e7\u00e3o, o ciclo da \u00e1gua e os ecossistemas s\u00e3o guias e alertas para a necessidade de a\u00e7\u00f5es urgentes para a constru\u00e7\u00e3o de uma sociedade sustent\u00e1vel. Sua dedica\u00e7\u00e3o ao assunto fez dele um dos mais importantes cientistas do mundo, ouvido por membros do poder p\u00fablico e de grandes empresas privadas e por institui\u00e7\u00f5es de ensino e pesquisa. Em constante di\u00e1logo com diversos setores da sociedade, Paulo Artaxo transforma seus estudos em uma luta pelo planeta.&nbsp;<\/p>\n\n\n\n<p>Na <strong>categoria Tecnologia<\/strong>, o vencedor foi <strong>Jarbas Caiado de Castro Neto<\/strong>, mestre em F\u00edsica pela USP, PhD pelo Massachusetts Institute of Technology (MIT) e professor titular do Instituto de F\u00edsica de S\u00e3o Carlos (IFSC-USP). No Instituto, criou o Grupo de \u00d3ptica em 1982 que, atualmente, re\u00fane cerca de 250 membros. Fundou diversas empresas e espa\u00e7os de pesquisa de base tecnol\u00f3gica, entre eles, a Oficina de \u00d3ptica de Precis\u00e3o do IFSC, ber\u00e7o de inova\u00e7\u00f5es e empreendedorismo tecnol\u00f3gico \u00fanico no pa\u00eds. Os equipamentos desenvolvidos por Caiado j\u00e1 ajudaram a preservar a vis\u00e3o de milh\u00f5es de pessoas, como os lasers verdes empregados no tratamento da retina ocular, ferramenta-padr\u00e3o dos oftalmologistas brasileiros.\u202f&nbsp;<\/p>\n\n\n\n<p>Seu trabalho est\u00e1 tamb\u00e9m em c\u00e2meras de sat\u00e9lites, microsc\u00f3pios, top\u00f3grafos e muitos outros instrumentos de precis\u00e3o para oftalmologia, odontologia, agricultura, defesa e aplica\u00e7\u00f5es espaciais. Uma hist\u00f3ria em que o conhecimento e o esp\u00edrito empreendedor caminham juntos para transformar ideias em solu\u00e7\u00f5es concretas com impactos em m\u00faltiplas \u00e1reas. Jarbas Caiado inspira a nova gera\u00e7\u00e3o de pesquisadores a atuar de forma pr\u00e1tica em busca de inova\u00e7\u00f5es que melhoram a vida das pessoas.&nbsp;<\/p>\n\n\n\n<p><strong>Sobre a CBMM\u202f&nbsp;<\/strong>&nbsp;<\/p>\n\n\n\n<p>L\u00edder mundial na produ\u00e7\u00e3o e comercializa\u00e7\u00e3o de produtos de Ni\u00f3bio, a CBMM celebra 70 anos de atua\u00e7\u00e3o em 2025, atendendo mais de 500 clientes em 50 pa\u00edses. Com sede no Brasil e escrit\u00f3rios regionais na Holanda, Singapura, Su\u00ed\u00e7a e Estados Unidos, a companhia fornece tecnologia aos setores de infraestrutura, mobilidade, aeroespacial, sa\u00fade e energia.\u202fDesde a sua funda\u00e7\u00e3o, a CBMM desenvolve projetos no Brasil e em diversos pa\u00edses do mundo para fomentar a ado\u00e7\u00e3o da tecnologia do Ni\u00f3bio por diversas ind\u00fastrias. Para suportar seus planos de crescimento por meio da diversifica\u00e7\u00e3o, a empresa tem uma atua\u00e7\u00e3o focada na pesquisa e desenvolvimento de novas aplica\u00e7\u00f5es. Nos \u00faltimos anos, a CBMM firmou parcerias e realizou investimentos estrat\u00e9gicos em empresas e startups visando novos desenvolvimentos em materiais com Ni\u00f3bio para baterias de \u00edons de l\u00edtio. Para mais informa\u00e7\u00f5es, visite o\u202f<a href=\"https:\/\/cbmm.com\/pt\/Media-Center\" target=\"_blank\" rel=\"noreferrer noopener\">media center.<\/a>\u202f&nbsp;<\/p>\n\n\n\n<p><\/p>\n","protected":false},"excerpt":{"rendered":"<p>A CBMM, l\u00edder mundial na produ\u00e7\u00e3o e comercializa\u00e7\u00e3o de produtos de Ni\u00f3bio, realizou na noite desta quinta-feira (02\/10) a cerim\u00f4nia<\/p>\n","protected":false},"author":2,"featured_media":8748,"comment_status":"open","ping_status":"open","sticky":false,"template":"","format":"standard","meta":{"footnotes":""},"categories":[9,11],"tags":[],"class_list":["post-8747","post","type-post","status-publish","format-standard","has-post-thumbnail","hentry","category-araxa","category-destaques"],"_links":{"self":[{"href":"http:\/\/blogdoarmindomaia.com.br\/index.php?rest_route=\/wp\/v2\/posts\/8747","targetHints":{"allow":["GET"]}}],"collection":[{"href":"http:\/\/blogdoarmindomaia.com.br\/index.php?rest_route=\/wp\/v2\/posts"}],"about":[{"href":"http:\/\/blogdoarmindomaia.com.br\/index.php?rest_route=\/wp\/v2\/types\/post"}],"author":[{"embeddable":true,"href":"http:\/\/blogdoarmindomaia.com.br\/index.php?rest_route=\/wp\/v2\/users\/2"}],"replies":[{"embeddable":true,"href":"http:\/\/blogdoarmindomaia.com.br\/index.php?rest_route=%2Fwp%2Fv2%2Fcomments&post=8747"}],"version-history":[{"count":1,"href":"http:\/\/blogdoarmindomaia.com.br\/index.php?rest_route=\/wp\/v2\/posts\/8747\/revisions"}],"predecessor-version":[{"id":8749,"href":"http:\/\/blogdoarmindomaia.com.br\/index.php?rest_route=\/wp\/v2\/posts\/8747\/revisions\/8749"}],"wp:featuredmedia":[{"embeddable":true,"href":"http:\/\/blogdoarmindomaia.com.br\/index.php?rest_route=\/wp\/v2\/media\/8748"}],"wp:attachment":[{"href":"http:\/\/blogdoarmindomaia.com.br\/index.php?rest_route=%2Fwp%2Fv2%2Fmedia&parent=8747"}],"wp:term":[{"taxonomy":"category","embeddable":true,"href":"http:\/\/blogdoarmindomaia.com.br\/index.php?rest_route=%2Fwp%2Fv2%2Fcategories&post=8747"},{"taxonomy":"post_tag","embeddable":true,"href":"http:\/\/blogdoarmindomaia.com.br\/index.php?rest_route=%2Fwp%2Fv2%2Ftags&post=8747"}],"curies":[{"name":"wp","href":"https:\/\/api.w.org\/{rel}","templated":true}]}}