{"id":8750,"date":"2025-10-06T15:32:59","date_gmt":"2025-10-06T18:32:59","guid":{"rendered":"http:\/\/blogdoarmindomaia.com.br\/?p=8750"},"modified":"2025-10-06T15:33:00","modified_gmt":"2025-10-06T18:33:00","slug":"alunos-da-rede-municipal-de-araxa-se-destacam-em-concursos-do-fliaraxa","status":"publish","type":"post","link":"http:\/\/blogdoarmindomaia.com.br\/?p=8750","title":{"rendered":"Alunos da rede municipal de Arax\u00e1 se destacam em concursos do Fliarax\u00e1"},"content":{"rendered":"\n<figure class=\"wp-block-image size-large\"><img loading=\"lazy\" decoding=\"async\" width=\"1024\" height=\"682\" src=\"http:\/\/blogdoarmindomaia.com.br\/wp-content\/uploads\/2025\/10\/Alunos-da-rede-municipal-de-Araxa-se-destacam-em-concursos-do-Fliaraxa-pag-05-1024x682.jpeg\" alt=\"\" class=\"wp-image-8751\" srcset=\"http:\/\/blogdoarmindomaia.com.br\/wp-content\/uploads\/2025\/10\/Alunos-da-rede-municipal-de-Araxa-se-destacam-em-concursos-do-Fliaraxa-pag-05-1024x682.jpeg 1024w, http:\/\/blogdoarmindomaia.com.br\/wp-content\/uploads\/2025\/10\/Alunos-da-rede-municipal-de-Araxa-se-destacam-em-concursos-do-Fliaraxa-pag-05-300x200.jpeg 300w, http:\/\/blogdoarmindomaia.com.br\/wp-content\/uploads\/2025\/10\/Alunos-da-rede-municipal-de-Araxa-se-destacam-em-concursos-do-Fliaraxa-pag-05-768x512.jpeg 768w, http:\/\/blogdoarmindomaia.com.br\/wp-content\/uploads\/2025\/10\/Alunos-da-rede-municipal-de-Araxa-se-destacam-em-concursos-do-Fliaraxa-pag-05-1536x1023.jpeg 1536w, http:\/\/blogdoarmindomaia.com.br\/wp-content\/uploads\/2025\/10\/Alunos-da-rede-municipal-de-Araxa-se-destacam-em-concursos-do-Fliaraxa-pag-05.jpeg 1600w\" sizes=\"auto, (max-width: 1024px) 100vw, 1024px\" \/><\/figure>\n\n\n\n<p>Alunos da rede municipal de ensino de Arax\u00e1 conquistaram oito premia\u00e7\u00f5es nos concursos de reda\u00e7\u00e3o e desenho promovidos pelo 13\u00ba Fliarax\u00e1 \u2013 Festival Liter\u00e1rio de Arax\u00e1. A cerim\u00f4nia de premia\u00e7\u00e3o contou com a presen\u00e7a da secret\u00e1ria de Educa\u00e7\u00e3o, Zulma Moreira, dos escritores convidados do festival, al\u00e9m de professores, familiares e amigos dos estudantes vencedores. O concurso mobilizou escolas municipais, estaduais e particulares da cidade, reunindo alunos de diferentes faixas et\u00e1rias. A proposta teve como objetivo incentivar a cria\u00e7\u00e3o liter\u00e1ria e art\u00edstica de crian\u00e7as e jovens de 4 a 18 anos, revelando novos talentos e promovendo o protagonismo estudantil por meio da arte e da literatura. Com o tema \u201cA literatura na encruzilhada \u2013 O valor do livro e do escritor na vida de um pa\u00eds\u201d, as produ\u00e7\u00f5es foram desenvolvidas em sintonia com a tem\u00e1tica central do festival nesta edi\u00e7\u00e3o: \u201cLiteratura, Encruzilhada e Mem\u00f3ria\u201d. Os trabalhos foram avaliados dentro de seis categorias, sendo tr\u00eas destinadas \u00e0 reda\u00e7\u00e3o e tr\u00eas ao desenho, com divis\u00f5es por faixa et\u00e1ria e inclus\u00e3o de estudantes com defici\u00eancia (PCDs).<br>De acordo com a secret\u00e1ria de Educa\u00e7\u00e3o, Zulma Moreira, essas premia\u00e7\u00f5es mostram o talento e a sensibilidade do estudantes, e refor\u00e7am o quanto a literatura pode ser transformadora. &#8220;A conquista dos nossos alunos nos concursos de reda\u00e7\u00e3o e desenho do Fliarax\u00e1 \u00e9 motivo de muito orgulho para toda a rede municipal de ensino. Mais do que pr\u00eamios, eles ganham autoconfian\u00e7a, reconhecimento e o desejo de continuar criando, lendo e aprendendo. \u00c9 esse o papel da educa\u00e7\u00e3o: formar leitores cr\u00edticos, criativos e conscientes do seu potencial&#8221;, diz.<br><br>Confira os vencedores do Pr\u00eamio de Reda\u00e7\u00e3o e Desenho:<br><br><strong>DESENHO<br><\/strong><br><strong>Categoria 4 a 5 anos<br><\/strong><br>1.\u00ba lugar: Th\u00e9o Vaz de Oliveira Reis (5 anos) \u2013 CEIST Santa Terezinha \u2013 Prof\u00aa M\u00e1rcia Maria Souza<br>2.\u00ba lugar: Maria Clara Gon\u00e7alves Mateus (5 anos) \u2013 EMEI Francisco Braga \u2013 Prof\u00aa Fernanda Souto Lima<br>3.\u00ba lugar: Maria Laura Ribeiro de Oliveira (5 anos) \u2013 CEMEI Gabriela Almeida Aristimunho \u2013 Prof\u00aa Sirlei Aparecida Matos de Freitas Mingote<br><br><strong>Categoria 6 a 8 anos<\/strong><br><br>1.\u00ba lugar: Jo\u00e3o Gabriel Alexandre dos Reis Borges (8 anos) \u2013 Escola Municipal Agar de Affonseca e Silva \u2013 Prof\u00aa Nat\u00e2nia Pereira de Paula Silva Marques<br>2.\u00ba lugar: Eduarda Aparecida dos Reis (7 anos) \u2013 Escola Municipal Eduardo Montandon \u2013 Prof\u00aa Amanda J. S. B. Tessaro<br>3.\u00ba lugar: Jhuliana Mendes Nogueira Pena (6 anos) \u2013 CEMEI Dom Pixote \u2013 Prof\u00aa Nat\u00e2nia Pereira de P. S. Marques<br><br><strong>Categoria PCD<\/strong><br><br>1.\u00ba lugar: Marcos Ot\u00e1vio da Silva Borges Afonso (16 anos) \u2013 Escola Estadual Professor Luiz Ant\u00f4nio Correa Oliveira \u2013 Prof\u00aa Rosiane Ribeira da Silva<br>2.\u00ba lugar: Luan Ribeiro Fernandes (13 anos) \u2013 Escola Estadual Armando Santos \u2013 Prof\u00aa Val\u00e9ria Patr\u00edcia Martins dos Reis<br>3.\u00ba lugar: Hamilton Teodoro Barbosa (14 anos) \u2013 Escola Municipal Aziz J. Chaer \u2013 Prof\u00aa Vera L\u00facia Alves Rosa<br><br><strong>REDA\u00c7\u00c3O<br><br>Categoria 9 a 11 anos<\/strong><br><br>1.\u00ba lugar: Isadora Helena Nunes (9 anos) \u2013 Escola Municipal Alice Moura \u2013 Prof\u00aa Joyce Matias Cruz<br>2.\u00ba lugar: Analu Pereira Viana Coelho Guerra (11 anos) \u2013 Escola Municipal Delfim Moreira \u2013 Prof\u00aa Aldneide Darc de Almeida<br>3.\u00ba lugar: Guilherme de Souza Miranda (11 anos) \u2013 Col\u00e9gio Gabarito \u2013 Prof\u00aa Joana Darc Vaz<br><br>Categoria 12 a 15 anos<br><br>1.\u00ba lugar: Laura Ribeiro de Oliveira (13 anos) \u2013 Col\u00e9gio Atena \u2013 Prof\u00aa Fernanda Macedo de Melo<br>2.\u00ba lugar: Isa Oliveira Marques (14 anos) \u2013 Col\u00e9gio Gabarito \u2013 Prof\u00aa Michelli Landim (representada pelo diretor Alisson Romualdo)<br>3.\u00ba lugar: Valentina Vit\u00f3ria de Oliveira Miranda (12 anos) \u2013 Col\u00e9gio Salesiano Dom Bosco \u2013 Prof\u00aa Daiane dos Reis Teodoro<br><br><strong>Categoria 16 a 18 anos<\/strong><br><br>1.\u00ba lugar: C\u00e1ssio William Freire J\u00fanior (18 anos) \u2013 Escola Estadual Vasco Santos \u2013 Prof\u00aa Daiane dos Reis Teodoro<br>2.\u00ba lugar: Lu\u00eds Fernando de Melo Baldu\u00edno (17 anos) \u2013 Col\u00e9gio S\u00e3o Domingos \u2013 Prof. Germano da Costa Lemos<br>3.\u00ba lugar: Larissa Martins Borges (16 anos) \u2013 Col\u00e9gio Atena \u2013 Prof. Daniel de Castro Machado<\/p>\n","protected":false},"excerpt":{"rendered":"<p>Alunos da rede municipal de ensino de Arax\u00e1 conquistaram oito premia\u00e7\u00f5es nos concursos de reda\u00e7\u00e3o e desenho promovidos pelo 13\u00ba<\/p>\n","protected":false},"author":2,"featured_media":8751,"comment_status":"open","ping_status":"open","sticky":false,"template":"","format":"standard","meta":{"footnotes":""},"categories":[9,11],"tags":[],"class_list":["post-8750","post","type-post","status-publish","format-standard","has-post-thumbnail","hentry","category-araxa","category-destaques"],"_links":{"self":[{"href":"http:\/\/blogdoarmindomaia.com.br\/index.php?rest_route=\/wp\/v2\/posts\/8750","targetHints":{"allow":["GET"]}}],"collection":[{"href":"http:\/\/blogdoarmindomaia.com.br\/index.php?rest_route=\/wp\/v2\/posts"}],"about":[{"href":"http:\/\/blogdoarmindomaia.com.br\/index.php?rest_route=\/wp\/v2\/types\/post"}],"author":[{"embeddable":true,"href":"http:\/\/blogdoarmindomaia.com.br\/index.php?rest_route=\/wp\/v2\/users\/2"}],"replies":[{"embeddable":true,"href":"http:\/\/blogdoarmindomaia.com.br\/index.php?rest_route=%2Fwp%2Fv2%2Fcomments&post=8750"}],"version-history":[{"count":1,"href":"http:\/\/blogdoarmindomaia.com.br\/index.php?rest_route=\/wp\/v2\/posts\/8750\/revisions"}],"predecessor-version":[{"id":8752,"href":"http:\/\/blogdoarmindomaia.com.br\/index.php?rest_route=\/wp\/v2\/posts\/8750\/revisions\/8752"}],"wp:featuredmedia":[{"embeddable":true,"href":"http:\/\/blogdoarmindomaia.com.br\/index.php?rest_route=\/wp\/v2\/media\/8751"}],"wp:attachment":[{"href":"http:\/\/blogdoarmindomaia.com.br\/index.php?rest_route=%2Fwp%2Fv2%2Fmedia&parent=8750"}],"wp:term":[{"taxonomy":"category","embeddable":true,"href":"http:\/\/blogdoarmindomaia.com.br\/index.php?rest_route=%2Fwp%2Fv2%2Fcategories&post=8750"},{"taxonomy":"post_tag","embeddable":true,"href":"http:\/\/blogdoarmindomaia.com.br\/index.php?rest_route=%2Fwp%2Fv2%2Ftags&post=8750"}],"curies":[{"name":"wp","href":"https:\/\/api.w.org\/{rel}","templated":true}]}}