{"id":8760,"date":"2025-10-09T16:01:00","date_gmt":"2025-10-09T19:01:00","guid":{"rendered":"http:\/\/blogdoarmindomaia.com.br\/?p=8760"},"modified":"2025-10-09T16:10:33","modified_gmt":"2025-10-09T19:10:33","slug":"serie-araxa-em-arte-movimenta-a-cidade","status":"publish","type":"post","link":"http:\/\/blogdoarmindomaia.com.br\/?p=8760","title":{"rendered":"S\u00e9rie Arax\u00e1 em Arte movimenta a cidade"},"content":{"rendered":"\n<figure class=\"wp-block-image size-large\"><img loading=\"lazy\" decoding=\"async\" width=\"1024\" height=\"788\" src=\"http:\/\/blogdoarmindomaia.com.br\/wp-content\/uploads\/2025\/10\/Serie-Araxa-em-Arte-movimenta-a-cidade-pag-03-1024x788.jpg\" alt=\"\" class=\"wp-image-8761\" srcset=\"http:\/\/blogdoarmindomaia.com.br\/wp-content\/uploads\/2025\/10\/Serie-Araxa-em-Arte-movimenta-a-cidade-pag-03-1024x788.jpg 1024w, http:\/\/blogdoarmindomaia.com.br\/wp-content\/uploads\/2025\/10\/Serie-Araxa-em-Arte-movimenta-a-cidade-pag-03-300x231.jpg 300w, http:\/\/blogdoarmindomaia.com.br\/wp-content\/uploads\/2025\/10\/Serie-Araxa-em-Arte-movimenta-a-cidade-pag-03-768x591.jpg 768w, http:\/\/blogdoarmindomaia.com.br\/wp-content\/uploads\/2025\/10\/Serie-Araxa-em-Arte-movimenta-a-cidade-pag-03-1536x1181.jpg 1536w, http:\/\/blogdoarmindomaia.com.br\/wp-content\/uploads\/2025\/10\/Serie-Araxa-em-Arte-movimenta-a-cidade-pag-03-2048x1575.jpg 2048w\" sizes=\"auto, (max-width: 1024px) 100vw, 1024px\" \/><\/figure>\n\n\n\n<p>No m\u00eas das crian\u00e7as, tem programa\u00e7\u00e3o de artes c\u00eanicas em Arax\u00e1 e tudo de gra\u00e7a, com o projeto, \u201cArax\u00e1 em Arte\u201d. \u00a0Nessa intera\u00e7\u00e3o com artistas nacionais, dia 10 de outubro, sexta-feira, desembarca em Arax\u00e1, a Cia. EmCantar, e na bagagem traz a pe\u00e7a Dona Baratinha. Um cl\u00e1ssico que ganha nova vers\u00e3o e roupagem. Em vez do sonho de se casar, agora Dona Baratinha \u00e9 independente, quer viajar o mundo e ser uma grande cantora. Uma representa\u00e7\u00e3o das mulheres contempor\u00e2neas que lutam pela liberdade moral, intelectual e social. A apresenta\u00e7\u00e3o ser\u00e1 as 15 horas, no Teatro CBMM. \u00a0Do teatro para a m\u00fasica. O guitarrista e professor Tiago Martins, far\u00e1 uma palestra sobre M\u00fasica Instrumental para alunos das escolas p\u00fablicas municipais e p\u00fablico em geral. No encontro, dia 13 de outubro, \u00e0s 19 horas, na Escola de M\u00fasica Nota Certa, ele traz a Hist\u00f3ria do Jazz Brasileiro. Um passeio do samba-jazz aos grandes mestres como Hermeto Pascoal e Clube da Esquina, at\u00e9 os dias atuais, com musicais, v\u00eddeos e intera\u00e7\u00e3o. A s\u00e9rie vai at\u00e9 novembro e todas as atra\u00e7\u00f5es ser\u00e3o presenciais, com entrada gratuita e acessibilidade. Alguns encontros ficar\u00e3o dispon\u00edveis no canal Arax\u00e1 em Arte, no Youtube. O projeto \u00e9 realizado por meio da Lei Rouanet de Incentivo \u00e0 Cultura, do Minist\u00e9rio da Cultura do Governo Federal, com patroc\u00ednios da CBMM e Bem Brasil. Tem apoio da Ayres Seguran\u00e7a, MCA, Uniarax\u00e1 e Academia Araxaense de Letras. Realiza\u00e7\u00e3o da AMAR Projetos Culturais.<\/p>\n","protected":false},"excerpt":{"rendered":"<p>No m\u00eas das crian\u00e7as, tem programa\u00e7\u00e3o de artes c\u00eanicas em Arax\u00e1 e tudo de gra\u00e7a, com o projeto, \u201cArax\u00e1 em<\/p>\n","protected":false},"author":2,"featured_media":0,"comment_status":"open","ping_status":"open","sticky":false,"template":"","format":"standard","meta":{"footnotes":""},"categories":[9,11],"tags":[],"class_list":["post-8760","post","type-post","status-publish","format-standard","hentry","category-araxa","category-destaques"],"_links":{"self":[{"href":"http:\/\/blogdoarmindomaia.com.br\/index.php?rest_route=\/wp\/v2\/posts\/8760","targetHints":{"allow":["GET"]}}],"collection":[{"href":"http:\/\/blogdoarmindomaia.com.br\/index.php?rest_route=\/wp\/v2\/posts"}],"about":[{"href":"http:\/\/blogdoarmindomaia.com.br\/index.php?rest_route=\/wp\/v2\/types\/post"}],"author":[{"embeddable":true,"href":"http:\/\/blogdoarmindomaia.com.br\/index.php?rest_route=\/wp\/v2\/users\/2"}],"replies":[{"embeddable":true,"href":"http:\/\/blogdoarmindomaia.com.br\/index.php?rest_route=%2Fwp%2Fv2%2Fcomments&post=8760"}],"version-history":[{"count":1,"href":"http:\/\/blogdoarmindomaia.com.br\/index.php?rest_route=\/wp\/v2\/posts\/8760\/revisions"}],"predecessor-version":[{"id":8762,"href":"http:\/\/blogdoarmindomaia.com.br\/index.php?rest_route=\/wp\/v2\/posts\/8760\/revisions\/8762"}],"wp:attachment":[{"href":"http:\/\/blogdoarmindomaia.com.br\/index.php?rest_route=%2Fwp%2Fv2%2Fmedia&parent=8760"}],"wp:term":[{"taxonomy":"category","embeddable":true,"href":"http:\/\/blogdoarmindomaia.com.br\/index.php?rest_route=%2Fwp%2Fv2%2Fcategories&post=8760"},{"taxonomy":"post_tag","embeddable":true,"href":"http:\/\/blogdoarmindomaia.com.br\/index.php?rest_route=%2Fwp%2Fv2%2Ftags&post=8760"}],"curies":[{"name":"wp","href":"https:\/\/api.w.org\/{rel}","templated":true}]}}