{"id":8767,"date":"2025-10-23T15:10:18","date_gmt":"2025-10-23T18:10:18","guid":{"rendered":"http:\/\/blogdoarmindomaia.com.br\/?p=8767"},"modified":"2025-10-23T15:10:19","modified_gmt":"2025-10-23T18:10:19","slug":"sebastiao-donizete-de-souza-e-o-novo-secretario-de-saude-de-araxa","status":"publish","type":"post","link":"http:\/\/blogdoarmindomaia.com.br\/?p=8767","title":{"rendered":"Sebasti\u00e3o Donizete de Souza \u00e9 o novo secret\u00e1rio de Sa\u00fade de Arax\u00e1"},"content":{"rendered":"\n<figure class=\"wp-block-image size-large\"><img loading=\"lazy\" decoding=\"async\" width=\"1024\" height=\"686\" src=\"http:\/\/blogdoarmindomaia.com.br\/wp-content\/uploads\/2025\/10\/Sebastiao-Donizete-de-Souza-e-o-novo-secretario-de-Saude-de-Araxa-pag-03-1024x686.jpeg\" alt=\"\" class=\"wp-image-8768\" srcset=\"http:\/\/blogdoarmindomaia.com.br\/wp-content\/uploads\/2025\/10\/Sebastiao-Donizete-de-Souza-e-o-novo-secretario-de-Saude-de-Araxa-pag-03-1024x686.jpeg 1024w, http:\/\/blogdoarmindomaia.com.br\/wp-content\/uploads\/2025\/10\/Sebastiao-Donizete-de-Souza-e-o-novo-secretario-de-Saude-de-Araxa-pag-03-300x201.jpeg 300w, http:\/\/blogdoarmindomaia.com.br\/wp-content\/uploads\/2025\/10\/Sebastiao-Donizete-de-Souza-e-o-novo-secretario-de-Saude-de-Araxa-pag-03-768x514.jpeg 768w, http:\/\/blogdoarmindomaia.com.br\/wp-content\/uploads\/2025\/10\/Sebastiao-Donizete-de-Souza-e-o-novo-secretario-de-Saude-de-Araxa-pag-03.jpeg 1280w\" sizes=\"auto, (max-width: 1024px) 100vw, 1024px\" \/><\/figure>\n\n\n\n<p>A Prefeitura de Arax\u00e1 anunciou nesta quinta-feira (23) o novo secret\u00e1rio de Sa\u00fade do munic\u00edpio. O atual assessor Sebasti\u00e3o Donizete de Souza assume a pasta no lugar do administrador Rubens Herbert Batista Miranda, que retorna \u00e0 Bras\u00edlia.<br><br>Sebasti\u00e3o Donizete \u00e9 formado em Engenharia Civil (Escola de Engenharia do Tri\u00e2ngulo Mineiro), e tem tr\u00eas p\u00f3s-gradua\u00e7\u00f5es: em Administra\u00e7\u00e3o Financeira (UNA), Engenharia Econ\u00f4mica (Funda\u00e7\u00e3o Dom Cabral) e Engenharia de Seguran\u00e7a do Trabalho (UFMG). Em sua atua\u00e7\u00e3o, coordenou o projeto da Cidade Administrativa do Governo de Minas, onde supervisionou e administrou diversas obras p\u00fablicas do Governo de Minas Gerais. Foi superintendente do Dnit e tamb\u00e9m trabalhou na coordenadoria do DER\/MG. Exerceu o cargo de secret\u00e1rio municipal de Obras P\u00fablicas por sete anos e meio, at\u00e9 2022, e, recentemente, atuava como assessor direto de Rubens na Secretaria Municipal de Sa\u00fade.<br><br>Rubens Miranda, que assumiu a Secretaria de Sa\u00fade em mar\u00e7o de 2025, retorna a Bras\u00edlia para atuar como assessor parlamentar da C\u00e2mara dos Deputados. Durante sua gest\u00e3o, Rubens foi respons\u00e1vel por importantes projetos, entre eles o in\u00edcio das obras de instala\u00e7\u00e3o do Posto Avan\u00e7ado de Coleta de Sangue (Pace), a continuidade e as tratativas finais para a implanta\u00e7\u00e3o do Servi\u00e7o de Urg\u00eancia e Emerg\u00eancia (Samu), al\u00e9m da reforma da UPA, que est\u00e1 com o projeto arquitet\u00f4nico em fase final de elabora\u00e7\u00e3o, e obras da nova sede do CAPS AD e das unidades de sa\u00fade dos bairros Mangabeiras e Alvorada (em fase de licita\u00e7\u00e3o).<br><br>O prefeito Robson Magela agradeceu ao ex-secret\u00e1rio Rubens Miranda e deseja boa sorte ao novo secret\u00e1rio.<br><br>\u201cA passagem do Rubens foi uma passagem de transi\u00e7\u00e3o, que j\u00e1 estava previamente acordada. Durante o tempo que ele ficou, al\u00e9m de v\u00e1rios avan\u00e7os, ele foi respons\u00e1vel por ser a ponte de Arax\u00e1 com Bras\u00edlia, onde garantiu importantes recursos para a sa\u00fade p\u00fablica da nossa cidade, o que ele continuar\u00e1 fazendo em sua atua\u00e7\u00e3o parlamentar na C\u00e2mara dos Deputados. Agrade\u00e7o a ele por toda dedica\u00e7\u00e3o. J\u00e1 ao Sebasti\u00e3o Donizete, desejo que ele fa\u00e7a um \u00f3timo trabalho para que sigamos avan\u00e7ando em nossa sa\u00fade\u201d, destaca.<\/p>\n","protected":false},"excerpt":{"rendered":"<p>A Prefeitura de Arax\u00e1 anunciou nesta quinta-feira (23) o novo secret\u00e1rio de Sa\u00fade do munic\u00edpio. O atual assessor Sebasti\u00e3o Donizete<\/p>\n","protected":false},"author":2,"featured_media":8768,"comment_status":"open","ping_status":"open","sticky":false,"template":"","format":"standard","meta":{"footnotes":""},"categories":[9,11],"tags":[],"class_list":["post-8767","post","type-post","status-publish","format-standard","has-post-thumbnail","hentry","category-araxa","category-destaques"],"_links":{"self":[{"href":"http:\/\/blogdoarmindomaia.com.br\/index.php?rest_route=\/wp\/v2\/posts\/8767","targetHints":{"allow":["GET"]}}],"collection":[{"href":"http:\/\/blogdoarmindomaia.com.br\/index.php?rest_route=\/wp\/v2\/posts"}],"about":[{"href":"http:\/\/blogdoarmindomaia.com.br\/index.php?rest_route=\/wp\/v2\/types\/post"}],"author":[{"embeddable":true,"href":"http:\/\/blogdoarmindomaia.com.br\/index.php?rest_route=\/wp\/v2\/users\/2"}],"replies":[{"embeddable":true,"href":"http:\/\/blogdoarmindomaia.com.br\/index.php?rest_route=%2Fwp%2Fv2%2Fcomments&post=8767"}],"version-history":[{"count":1,"href":"http:\/\/blogdoarmindomaia.com.br\/index.php?rest_route=\/wp\/v2\/posts\/8767\/revisions"}],"predecessor-version":[{"id":8769,"href":"http:\/\/blogdoarmindomaia.com.br\/index.php?rest_route=\/wp\/v2\/posts\/8767\/revisions\/8769"}],"wp:featuredmedia":[{"embeddable":true,"href":"http:\/\/blogdoarmindomaia.com.br\/index.php?rest_route=\/wp\/v2\/media\/8768"}],"wp:attachment":[{"href":"http:\/\/blogdoarmindomaia.com.br\/index.php?rest_route=%2Fwp%2Fv2%2Fmedia&parent=8767"}],"wp:term":[{"taxonomy":"category","embeddable":true,"href":"http:\/\/blogdoarmindomaia.com.br\/index.php?rest_route=%2Fwp%2Fv2%2Fcategories&post=8767"},{"taxonomy":"post_tag","embeddable":true,"href":"http:\/\/blogdoarmindomaia.com.br\/index.php?rest_route=%2Fwp%2Fv2%2Ftags&post=8767"}],"curies":[{"name":"wp","href":"https:\/\/api.w.org\/{rel}","templated":true}]}}