{"id":877,"date":"2022-05-17T19:04:16","date_gmt":"2022-05-17T22:04:16","guid":{"rendered":"http:\/\/blogdoarmindomaia.com.br\/?p=877"},"modified":"2022-05-17T19:04:19","modified_gmt":"2022-05-17T22:04:19","slug":"vereadores-cobram-sustentabilidade-inclusao-e-melhoria-na-prestacao-de-servicos-urbanos","status":"publish","type":"post","link":"http:\/\/blogdoarmindomaia.com.br\/?p=877","title":{"rendered":"Vereadores cobram sustentabilidade, inclus\u00e3o e melhoria na presta\u00e7\u00e3o de servi\u00e7os urbanos"},"content":{"rendered":"\n<figure class=\"wp-block-image size-full is-style-default\"><img loading=\"lazy\" decoding=\"async\" width=\"1000\" height=\"750\" src=\"http:\/\/blogdoarmindomaia.com.br\/wp-content\/uploads\/2022\/05\/Plenario-1.jpg\" alt=\"\" class=\"wp-image-878\" srcset=\"http:\/\/blogdoarmindomaia.com.br\/wp-content\/uploads\/2022\/05\/Plenario-1.jpg 1000w, http:\/\/blogdoarmindomaia.com.br\/wp-content\/uploads\/2022\/05\/Plenario-1-300x225.jpg 300w, http:\/\/blogdoarmindomaia.com.br\/wp-content\/uploads\/2022\/05\/Plenario-1-768x576.jpg 768w\" sizes=\"auto, (max-width: 1000px) 100vw, 1000px\" \/><\/figure>\n\n\n\n<p>Durante a Ordem do Dia foram aprovados cinco projetos. A \u00edntegra das mat\u00e9rias pode ser acessada no portal&nbsp;<a href=\"http:\/\/sapl.araxa.mg.leg.br\/\" target=\"_blank\" rel=\"noreferrer noopener\">sapl.araxa.mg.leg.br<\/a>.<\/p>\n\n\n\n<p>Durante a Reuni\u00e3o Ordin\u00e1ria desta ter\u00e7a-feira (17), os vereadores usaram a Tribuna para apresentar pedidos de melhorias estruturais, manuten\u00e7\u00e3o e obras p\u00fablicas em diferentes pontos da cidade ao Executivo. Eles tamb\u00e9m apresentaram sugest\u00f5es de melhorias para uma cidade mais inclusiva e sustent\u00e1vel.<\/p>\n\n\n\n<p>Projeto de Lei 02\/2022 (substitutivo, com emenda): Disp\u00f5e sobre o processo administrativo; estabelece as normas de aplica\u00e7\u00e3o das san\u00e7\u00f5es administrativas previstas na Lei Federal n\u00ba 8.078, de 11\/09\/1990 (C\u00f3digo de Defesa do Consumidor), no Decreto Federal 2.181, de 20\/11\/1997, no Decreto Municipal 268, de 03\/11\/1994, na Lei Municipal 2632 de 09\/09\/93, cria, no \u00e2mbito do PROCON MUNICIPAL DE ARAX\u00c1, O Junta Recursal e d\u00e1 outras provid\u00eancias. Autor: Executivo;<\/p>\n\n\n\n<p>Projeto de Lei 97\/2022: Institui o Conselho Municipal de Seguran\u00e7a P\u00fablica, o Fundo Municipal de Seguran\u00e7a P\u00fablica e disp\u00f5e sobre a consolida\u00e7\u00e3o da Pol\u00edtica Municipal de Seguran\u00e7a P\u00fablica. Autor: Executivo;<\/p>\n\n\n\n<p>Projeto de Lei 98\/2022: Cria o Programa Municipal de Incentivo ao Esporte e d\u00e1 outras provid\u00eancias. Autor: Executivo;<\/p>\n\n\n\n<p>Projeto de Lei 105\/2022: Disp\u00f5e sobre denomina\u00e7\u00e3o de Via P\u00fablica e d\u00e1 outras provid\u00eancias, a Rua Antonio Anastacio Ferreira a atual \u201cRua Cinco\u201d do Loteamento Flor de L\u00f3tus.&nbsp; Autor: vereador Wellington da Bit;<\/p>\n\n\n\n<p>Projeto de Lei 107\/2022: Autoriza a realiza\u00e7\u00e3o de despesas \u2013 a realizar despesas com o evento \u201cExpoQueijo Brasil 2022 \u2013 International Cheese\u201d. Autor: Executivo.<\/p>\n\n\n\n<p>Tribuna:<\/p>\n\n\n\n<p><strong>Jairinho Borges (Uni\u00e3o)<\/strong><\/p>\n\n\n\n<p>O vereador Jairinho Borges apresentou mo\u00e7\u00e3o de pesar aos familiares de Valdemar Caetano, que faleceu no dia 13 de maio de 2022.<\/p>\n\n\n\n<p>Sustentabilidade foi outro tema abordado pelo vereador. Ele apresentou indica\u00e7\u00e3o solicitando que o Executivo estude a possibilidade de pleitear projetos de efici\u00eancia energ\u00e9tica para o munic\u00edpio de Arax\u00e1, junto \u00e0 CEMIG. O parlamentar falou sobre a viabilidade da iniciativa: \u201cO objetivo \u00e9 promover o uso eficiente da energia em todos os setores da economia, estimulando tamb\u00e9m, o desenvolvimento de novas tecnologias.\u201d<\/p>\n\n\n\n<p><strong>Alexandre Irm\u00e3os Paula (PL)<\/strong><\/p>\n\n\n\n<p>O principal tema abordado pelo vereador Alexandre foi o turismo. Ele apresentou indica\u00e7\u00e3o solicitando a implanta\u00e7\u00e3o do Centro de Atendimento ao Turista Rural. Segundo ele, esses centros s\u00e3o componentes importantes para a maioria das campanhas de promo\u00e7\u00e3o de destinos tur\u00edsticos, sejam eles urbanos ou rurais.<\/p>\n\n\n\n<p>O vereador sugeriu a realiza\u00e7\u00e3o dos seguintes estudos t\u00e9cnicos: verificar a causa de o asfalto estar cedendo na rua Ant\u00f4nio Martins da Silva, pr\u00f3ximo ao n\u00famero 140; realiza\u00e7\u00e3o de estudo de impacto or\u00e7ament\u00e1rio para dar desconto no valor do IPTU aos cidad\u00e3os propriet\u00e1rios de lotes urbanos que n\u00e3o receberam notifica\u00e7\u00f5es e\/ou multas no per\u00edodo de 12 meses, em virtude da conserva\u00e7\u00e3o e limpeza dos lotes de sua propriedade.<\/p>\n\n\n\n<p>Alexandre tamb\u00e9m pediu a limpeza de lote p\u00fablico situado na avenida Sebasti\u00e3o Ferreira Pinto, ao lado da Creche C\u00e1ssio Barsante, Bairro Ana Pinto.<\/p>\n\n\n\n<p><strong>Valtinho da Farm\u00e1cia (PP)<\/strong><\/p>\n\n\n\n<p>O vereador Valtinho da Farm\u00e1cia usou a tribuna para apresentar demandas de servi\u00e7os urbanos. Ele solicitou que seja realizada uma vistoria nos brinquedos na \u00e1rea de lazer do Parque do Cristo; capina e limpeza da pra\u00e7a situada em uma \u00e1rea institucional na rua Id\u00e9lcio Jos\u00e9 Rufino, bairro Mangabeiras; limpeza na av. Ministro Olavo Drumond e recapeamento ou opera\u00e7\u00e3o tapa-buracos em diversas ruas no Bairro Pedro Pezutti.<\/p>\n\n\n\n<p>O parlamentar tamb\u00e9m pediu que seja enviada notifica\u00e7\u00e3o para que os propriet\u00e1rios realizem limpeza dos terrenos localizados nas seguintes ruas: rua Jair Bel\u00e9m Goulart, bairro S\u00e3o Francisco e rua Travessa Manoel Ant\u00f4nio da Silva, ao lado do n\u00ba 520 (antiga Rua das Batatas).<\/p>\n\n\n\n<p><strong>Pastor Moacir (Republicanos)<\/strong><\/p>\n\n\n\n<p>O principal tema abordado pelo vereador Pr. Moacir foi servi\u00e7os urbanos. Ele pediu a total revitaliza\u00e7\u00e3o do gin\u00e1sio Oscar Lino, no bairro S\u00e3o Pedro; limpeza e manuten\u00e7\u00e3o da quadra poliesportiva da Vila Silv\u00e9ria; limpeza e jardinagem no Cemei Sara Valleh Abrah\u00e3o e autoriza\u00e7\u00e3o para o alinhamento dos muros residenciais junto ao passeio p\u00fablico, da rua Professor Saturnino Teixeira, bairro S\u00e3o Pedro.<\/p>\n\n\n\n<p>O vereador tamb\u00e9m apresentou indica\u00e7\u00e3o solicitando a realiza\u00e7\u00e3o de curso de capacita\u00e7\u00e3o em Manobra de Heimlich (t\u00e9cnica de primeiros socorros, utilizada em casos de emerg\u00eancia por obstru\u00e7\u00e3o nas vias respirat\u00f3rias), para professores e funcion\u00e1rios das escolas e centros de educa\u00e7\u00e3o infantil do munic\u00edpio de Arax\u00e1.<\/p>\n\n\n\n<p><strong>Doutor Zidane (PP)<\/strong><\/p>\n\n\n\n<p>O vereador Dr. Zidane convidou uma int\u00e9rprete da L\u00edngua Brasileira de Sinais (Libras) para falar sobre inclus\u00e3o. Ele apresentou uma indica\u00e7\u00e3o pedindo a contrata\u00e7\u00e3o de um int\u00e9rprete de Libras e disponibiliza\u00e7\u00e3o de um chroma key, para a tradu\u00e7\u00e3o das transmiss\u00f5es das reuni\u00f5es da C\u00e2mara Municipal.<\/p>\n\n\n\n<p>Ele tamb\u00e9m apresentou indica\u00e7\u00e3o solicitando implanta\u00e7\u00e3o de uma passagem elevada de pedestres na Avenida Washington Barcelos, pr\u00f3ximo \u00e0 esquina com a rua Jos\u00e9 Alberto Fontes; instala\u00e7\u00e3o de sinaliza\u00e7\u00e3o horizontal e de uma faixa de pedestres em frente o Gin\u00e1sio Santa Luzia (Jacy Teixeira Martins), localizado na avenida Jo\u00e3o Paulo II; e de uma passagem elevada, sinaliza\u00e7\u00e3o vertical e horizontal na avenida Jo\u00e3o Paulo II, em frente a Unidade de Pronto Atendimento (UPA).<\/p>\n\n\n\n<p>Mo\u00e7\u00e3o de congratula\u00e7\u00f5es e reconhecimento foi direcionada \u00e0 funcion\u00e1ria p\u00fablica Cintia D\u00e9bora Ferreira de Castro.<\/p>\n\n\n\n<p><strong>Professora Leni (PT)<\/strong><\/p>\n\n\n\n<p>Principal assunto abordado na Tribuna, Professora Leni cobrou sobre o projeto de lei 045\/2022 de sua autoria e em tramita\u00e7\u00e3o, que trata sobre a suspens\u00e3o da contribui\u00e7\u00e3o de custeio do servi\u00e7o de ilumina\u00e7\u00e3o p\u00fablica. De acordo com ela, h\u00e1 um super\u00e1vit previsto para 2022 de R$ 15 milh\u00f5es em arrecada\u00e7\u00e3o da contribui\u00e7\u00e3o cobrada na conta de luz do cidad\u00e3o, por isso ela quer a suspens\u00e3o tempor\u00e1ria dessa cobran\u00e7a at\u00e9 31 de dezembro de 2022.<\/p>\n\n\n\n<p>A vereadora tamb\u00e9m pediu que seja encaminhado ao prefeito Robson Magela e ao&nbsp; Instituto de Planejamento e Desenvolvimento Sustent\u00e1vel de Arax\u00e1 (IPDSA), o relat\u00f3rio com as a\u00e7\u00f5es sugeridas ap\u00f3s realiza\u00e7\u00e3o do F\u00f3rum Comunit\u00e1rio com o tema: \u201cCrime ambiental: Queimadas\u201d. A sess\u00e3o foi realizada no dia 12 de maio, por solicita\u00e7\u00e3o da parlamentar.<\/p>\n\n\n\n<p>A vereadora Professora Leni apresentou indica\u00e7\u00e3o solicitando informa\u00e7\u00f5es sobre a implanta\u00e7\u00e3o do Projeto Horta Popular &#8211; Lote Limpo, cuja execu\u00e7\u00e3o foi autorizada pela Lei Municipal n\u00ba 7.507 de 2021.<\/p>\n\n\n\n<p><strong>Maristela Dutra (Patriota)<\/strong><\/p>\n\n\n\n<p>Finalizando o Grande Expediente, a vereadora Maristela solicitou que seja estudada a possibilidade de disponibilizar a transmiss\u00e3o ao vivo e via internet das licita\u00e7\u00f5es do Poder Executivo.<\/p>\n\n\n\n<p>A vereadora tamb\u00e9m apresentou diversas indica\u00e7\u00f5es de servi\u00e7os urbanos: constru\u00e7\u00e3o de novo retorno na av. Damaso Drummond, bairro Vila Guimar\u00e3es, nas proximidades do Centro de Atendimento \u00e0 Mulher; implanta\u00e7\u00e3o de sinaliza\u00e7\u00e3o horizontal e vertical no cruzamento da rua Paula Cec\u00edlia Santos com a rua Sebasti\u00e3o Moreira, no bairro Mangabeiras; implanta\u00e7\u00e3o de um redutor de velocidade e a troca de l\u00e2mpadas queimadas dos postes na avenida Par\u00e1, bairro S\u00e3o Francisco, al\u00e9m da poda das \u00e1rvores que comp\u00f5em a arboriza\u00e7\u00e3o urbana em toda a extens\u00e3o da rua Dom Jos\u00e9 Gaspar.<\/p>\n\n\n\n<p><strong><em>Ascom CMA<\/em><\/strong><\/p>\n","protected":false},"excerpt":{"rendered":"<p>Durante a Ordem do Dia foram aprovados cinco projetos. A \u00edntegra das mat\u00e9rias pode ser acessada no portal&nbsp;sapl.araxa.mg.leg.br. Durante a<\/p>\n","protected":false},"author":2,"featured_media":878,"comment_status":"open","ping_status":"open","sticky":false,"template":"","format":"standard","meta":{"footnotes":""},"categories":[9,25],"tags":[],"class_list":["post-877","post","type-post","status-publish","format-standard","has-post-thumbnail","hentry","category-araxa","category-politica"],"_links":{"self":[{"href":"http:\/\/blogdoarmindomaia.com.br\/index.php?rest_route=\/wp\/v2\/posts\/877","targetHints":{"allow":["GET"]}}],"collection":[{"href":"http:\/\/blogdoarmindomaia.com.br\/index.php?rest_route=\/wp\/v2\/posts"}],"about":[{"href":"http:\/\/blogdoarmindomaia.com.br\/index.php?rest_route=\/wp\/v2\/types\/post"}],"author":[{"embeddable":true,"href":"http:\/\/blogdoarmindomaia.com.br\/index.php?rest_route=\/wp\/v2\/users\/2"}],"replies":[{"embeddable":true,"href":"http:\/\/blogdoarmindomaia.com.br\/index.php?rest_route=%2Fwp%2Fv2%2Fcomments&post=877"}],"version-history":[{"count":1,"href":"http:\/\/blogdoarmindomaia.com.br\/index.php?rest_route=\/wp\/v2\/posts\/877\/revisions"}],"predecessor-version":[{"id":879,"href":"http:\/\/blogdoarmindomaia.com.br\/index.php?rest_route=\/wp\/v2\/posts\/877\/revisions\/879"}],"wp:featuredmedia":[{"embeddable":true,"href":"http:\/\/blogdoarmindomaia.com.br\/index.php?rest_route=\/wp\/v2\/media\/878"}],"wp:attachment":[{"href":"http:\/\/blogdoarmindomaia.com.br\/index.php?rest_route=%2Fwp%2Fv2%2Fmedia&parent=877"}],"wp:term":[{"taxonomy":"category","embeddable":true,"href":"http:\/\/blogdoarmindomaia.com.br\/index.php?rest_route=%2Fwp%2Fv2%2Fcategories&post=877"},{"taxonomy":"post_tag","embeddable":true,"href":"http:\/\/blogdoarmindomaia.com.br\/index.php?rest_route=%2Fwp%2Fv2%2Ftags&post=877"}],"curies":[{"name":"wp","href":"https:\/\/api.w.org\/{rel}","templated":true}]}}