{"id":8802,"date":"2025-11-11T16:14:56","date_gmt":"2025-11-11T19:14:56","guid":{"rendered":"http:\/\/blogdoarmindomaia.com.br\/?p=8802"},"modified":"2025-11-11T16:14:57","modified_gmt":"2025-11-11T19:14:57","slug":"st-george-mineracao-anuncia-nova-gerencia-juridica-e-institucional","status":"publish","type":"post","link":"http:\/\/blogdoarmindomaia.com.br\/?p=8802","title":{"rendered":"St. George Minera\u00e7\u00e3o anuncia nova ger\u00eancia jur\u00eddica e institucional"},"content":{"rendered":"\n<figure class=\"wp-block-image size-large\"><img loading=\"lazy\" decoding=\"async\" width=\"676\" height=\"1024\" src=\"http:\/\/blogdoarmindomaia.com.br\/wp-content\/uploads\/2025\/11\/St.-George-Mineracao-anuncia-nova-gerencia-juridica-e-institucional-pag-08-676x1024.jpeg\" alt=\"\" class=\"wp-image-8803\" srcset=\"http:\/\/blogdoarmindomaia.com.br\/wp-content\/uploads\/2025\/11\/St.-George-Mineracao-anuncia-nova-gerencia-juridica-e-institucional-pag-08-676x1024.jpeg 676w, http:\/\/blogdoarmindomaia.com.br\/wp-content\/uploads\/2025\/11\/St.-George-Mineracao-anuncia-nova-gerencia-juridica-e-institucional-pag-08-198x300.jpeg 198w, http:\/\/blogdoarmindomaia.com.br\/wp-content\/uploads\/2025\/11\/St.-George-Mineracao-anuncia-nova-gerencia-juridica-e-institucional-pag-08.jpeg 704w\" sizes=\"auto, (max-width: 676px) 100vw, 676px\" \/><\/figure>\n\n\n\n<p><em>Advogada Michele Carvalho, que atuava na Mosaic, assume a nova \u00e1rea<\/em><\/p>\n\n\n\n<p>O Projeto Arax\u00e1 da St. George Minera\u00e7\u00e3o, focado na produ\u00e7\u00e3o de ni\u00f3bio e terras raras em Minas Gerais, segue em trajet\u00f3ria de acelerado desenvolvimento. Nesta etapa, a empresa anunciou a cria\u00e7\u00e3o da nova \u00e1rea jur\u00eddica e institucional, que passa a ser liderada pela advogada Michele Carvalho.<\/p>\n\n\n\n<p>Com mais de 25 anos de experi\u00eancia na ind\u00fastria da minera\u00e7\u00e3o, Michele acumula viv\u00eancia em praticamente todas as \u00e1reas do setor, o que lhe proporciona uma vis\u00e3o t\u00e9cnica ampla e integrada. Nos \u00faltimos anos, sua atua\u00e7\u00e3o teve \u00eanfase nas \u00e1reas jur\u00eddica, gest\u00e3o respons\u00e1vel, governan\u00e7a e sustentabilidade.<\/p>\n\n\n\n<p>Al\u00e9m da s\u00f3lida trajet\u00f3ria profissional, Michele possui forma\u00e7\u00e3o acad\u00eamica diversificada, que inclui Minera\u00e7\u00e3o, Direito e Biologia. \u201cEssa combina\u00e7\u00e3o me permite compreender a complexidade das quest\u00f5es ambientais, jur\u00eddicas e sociais\u201d, afirma.<\/p>\n\n\n\n<p>Para a nova gerente da St. George, atuar no Projeto Arax\u00e1 traz in\u00fameras motiva\u00e7\u00f5es. \u201cFazer parte de um projeto com esse amplo potencial \u00e9 uma oportunidade de contribuir com o crescimento respons\u00e1vel da minera\u00e7\u00e3o na regi\u00e3o\u201d, destaca a advogada, que se orgulha de ser araxaense e de conhecer de perto as demandas da sociedade e os desafios da atividade mineral na cidade.<\/p>\n\n\n\n<p>Ela acrescenta que o novo cargo representa a possibilidade de unir prop\u00f3sito e experi\u00eancia, colocando sua trajet\u00f3ria a servi\u00e7o do fortalecimento das rela\u00e7\u00f5es institucionais e de uma minera\u00e7\u00e3o respons\u00e1vel, inovadora, \u00e9tica e comprometida com o desenvolvimento da comunidade local.<\/p>\n","protected":false},"excerpt":{"rendered":"<p>Advogada Michele Carvalho, que atuava na Mosaic, assume a nova \u00e1rea O Projeto Arax\u00e1 da St. George Minera\u00e7\u00e3o, focado na<\/p>\n","protected":false},"author":2,"featured_media":0,"comment_status":"open","ping_status":"open","sticky":false,"template":"","format":"standard","meta":{"footnotes":""},"categories":[9,11],"tags":[],"class_list":["post-8802","post","type-post","status-publish","format-standard","hentry","category-araxa","category-destaques"],"_links":{"self":[{"href":"http:\/\/blogdoarmindomaia.com.br\/index.php?rest_route=\/wp\/v2\/posts\/8802","targetHints":{"allow":["GET"]}}],"collection":[{"href":"http:\/\/blogdoarmindomaia.com.br\/index.php?rest_route=\/wp\/v2\/posts"}],"about":[{"href":"http:\/\/blogdoarmindomaia.com.br\/index.php?rest_route=\/wp\/v2\/types\/post"}],"author":[{"embeddable":true,"href":"http:\/\/blogdoarmindomaia.com.br\/index.php?rest_route=\/wp\/v2\/users\/2"}],"replies":[{"embeddable":true,"href":"http:\/\/blogdoarmindomaia.com.br\/index.php?rest_route=%2Fwp%2Fv2%2Fcomments&post=8802"}],"version-history":[{"count":1,"href":"http:\/\/blogdoarmindomaia.com.br\/index.php?rest_route=\/wp\/v2\/posts\/8802\/revisions"}],"predecessor-version":[{"id":8804,"href":"http:\/\/blogdoarmindomaia.com.br\/index.php?rest_route=\/wp\/v2\/posts\/8802\/revisions\/8804"}],"wp:attachment":[{"href":"http:\/\/blogdoarmindomaia.com.br\/index.php?rest_route=%2Fwp%2Fv2%2Fmedia&parent=8802"}],"wp:term":[{"taxonomy":"category","embeddable":true,"href":"http:\/\/blogdoarmindomaia.com.br\/index.php?rest_route=%2Fwp%2Fv2%2Fcategories&post=8802"},{"taxonomy":"post_tag","embeddable":true,"href":"http:\/\/blogdoarmindomaia.com.br\/index.php?rest_route=%2Fwp%2Fv2%2Ftags&post=8802"}],"curies":[{"name":"wp","href":"https:\/\/api.w.org\/{rel}","templated":true}]}}