{"id":8813,"date":"2025-11-13T16:38:19","date_gmt":"2025-11-13T19:38:19","guid":{"rendered":"http:\/\/blogdoarmindomaia.com.br\/?p=8813"},"modified":"2025-11-13T16:38:20","modified_gmt":"2025-11-13T19:38:20","slug":"festnatal-2025-livro-escrito-por-criancas-comemora-os-160-anos-de-araxa","status":"publish","type":"post","link":"http:\/\/blogdoarmindomaia.com.br\/?p=8813","title":{"rendered":"FestNatal 2025: Livro escrito por crian\u00e7as comemora os 160 anos de Arax\u00e1"},"content":{"rendered":"\n<figure class=\"wp-block-image size-large\"><img loading=\"lazy\" decoding=\"async\" width=\"1024\" height=\"768\" src=\"http:\/\/blogdoarmindomaia.com.br\/wp-content\/uploads\/2025\/11\/unnamed-1024x768.jpg\" alt=\"\" class=\"wp-image-8814\" srcset=\"http:\/\/blogdoarmindomaia.com.br\/wp-content\/uploads\/2025\/11\/unnamed-1024x768.jpg 1024w, http:\/\/blogdoarmindomaia.com.br\/wp-content\/uploads\/2025\/11\/unnamed-300x225.jpg 300w, http:\/\/blogdoarmindomaia.com.br\/wp-content\/uploads\/2025\/11\/unnamed-768x576.jpg 768w, http:\/\/blogdoarmindomaia.com.br\/wp-content\/uploads\/2025\/11\/unnamed.jpg 1280w\" sizes=\"auto, (max-width: 1024px) 100vw, 1024px\" \/><\/figure>\n\n\n\n<figure class=\"wp-block-table\"><table class=\"has-fixed-layout\"><tbody><tr><td>Tem foto &nbsp; O FestNatal Arax\u00e1 2025 vai celebrar os 160 anos do munic\u00edpio com um projeto liter\u00e1rio in\u00e9dito: um livro infantil escrito por crian\u00e7as da cidade sobre a hist\u00f3ria e as riquezas locais. A iniciativa, conduzida pelos escritores Cesar Campos e Rafael Nolli, reuniu mais de 40 estudantes de escolas p\u00fablicas, particulares e rurais em uma oficina realizada no \u00faltimo s\u00e1bado (8). Na atividade, as crian\u00e7as foram convidadas a criar uma hist\u00f3ria coletiva inspirada em Arax\u00e1. O escritor Cesar Campos explicou que, \u201cuma hist\u00f3ria infantil feita por crian\u00e7as que reflete o amor delas pela cidade e pela pr\u00f3pria hist\u00f3ria de Arax\u00e1\u201d, afirmou. O escritor Rafael Nolli destacou que, \u201c ficamos surpresos com a participa\u00e7\u00e3o. Quase todas as escolas enviaram representantes, e as crian\u00e7as demonstraram grande criatividade e envolvimento\u201d, disse. O livro passa agora pelas etapas de edi\u00e7\u00e3o, diagrama\u00e7\u00e3o e impress\u00e3o e ser\u00e1 lan\u00e7ado oficialmente em dezembro, no FestNatal Arax\u00e1. Segundo Elisa Bai\u00e3o Mac\u00eado, presidente da Funda\u00e7\u00e3o Cultural Acia (Facia),&nbsp; \u201cas crian\u00e7as que participaram da cria\u00e7\u00e3o v\u00e3o autografar e entregar os exemplares \u00e0 comunidade. \u00c9 um presente de Arax\u00e1 para Arax\u00e1\u201d, afirmou. A oficina integra a programa\u00e7\u00e3o especial do evento natalino, que neste ano completa 16 anos de hist\u00f3ria. Realizado pela Facia, o FestNatal Arax\u00e1 \u00e9 considerado o maior festival natalino de Minas Gerais e ter\u00e1, em 2025, uma programa\u00e7\u00e3o especial com m\u00fasica, teatro, dan\u00e7a e outras atra\u00e7\u00f5es culturais que devem movimentar a cidade ao longo do m\u00eas de dezembro.<\/td><\/tr><\/tbody><\/table><\/figure>\n","protected":false},"excerpt":{"rendered":"<p>Tem foto &nbsp; O FestNatal Arax\u00e1 2025 vai celebrar os 160 anos do munic\u00edpio com um projeto liter\u00e1rio in\u00e9dito: um<\/p>\n","protected":false},"author":2,"featured_media":8814,"comment_status":"open","ping_status":"open","sticky":false,"template":"","format":"standard","meta":{"footnotes":""},"categories":[9,11],"tags":[],"class_list":["post-8813","post","type-post","status-publish","format-standard","has-post-thumbnail","hentry","category-araxa","category-destaques"],"_links":{"self":[{"href":"http:\/\/blogdoarmindomaia.com.br\/index.php?rest_route=\/wp\/v2\/posts\/8813","targetHints":{"allow":["GET"]}}],"collection":[{"href":"http:\/\/blogdoarmindomaia.com.br\/index.php?rest_route=\/wp\/v2\/posts"}],"about":[{"href":"http:\/\/blogdoarmindomaia.com.br\/index.php?rest_route=\/wp\/v2\/types\/post"}],"author":[{"embeddable":true,"href":"http:\/\/blogdoarmindomaia.com.br\/index.php?rest_route=\/wp\/v2\/users\/2"}],"replies":[{"embeddable":true,"href":"http:\/\/blogdoarmindomaia.com.br\/index.php?rest_route=%2Fwp%2Fv2%2Fcomments&post=8813"}],"version-history":[{"count":1,"href":"http:\/\/blogdoarmindomaia.com.br\/index.php?rest_route=\/wp\/v2\/posts\/8813\/revisions"}],"predecessor-version":[{"id":8815,"href":"http:\/\/blogdoarmindomaia.com.br\/index.php?rest_route=\/wp\/v2\/posts\/8813\/revisions\/8815"}],"wp:featuredmedia":[{"embeddable":true,"href":"http:\/\/blogdoarmindomaia.com.br\/index.php?rest_route=\/wp\/v2\/media\/8814"}],"wp:attachment":[{"href":"http:\/\/blogdoarmindomaia.com.br\/index.php?rest_route=%2Fwp%2Fv2%2Fmedia&parent=8813"}],"wp:term":[{"taxonomy":"category","embeddable":true,"href":"http:\/\/blogdoarmindomaia.com.br\/index.php?rest_route=%2Fwp%2Fv2%2Fcategories&post=8813"},{"taxonomy":"post_tag","embeddable":true,"href":"http:\/\/blogdoarmindomaia.com.br\/index.php?rest_route=%2Fwp%2Fv2%2Ftags&post=8813"}],"curies":[{"name":"wp","href":"https:\/\/api.w.org\/{rel}","templated":true}]}}