{"id":8830,"date":"2025-12-03T16:32:46","date_gmt":"2025-12-03T19:32:46","guid":{"rendered":"http:\/\/blogdoarmindomaia.com.br\/?p=8830"},"modified":"2025-12-03T16:32:47","modified_gmt":"2025-12-03T19:32:47","slug":"chegada-do-papai-noel-abre-oficialmente-o-festnatal-araxa-2025","status":"publish","type":"post","link":"http:\/\/blogdoarmindomaia.com.br\/?p=8830","title":{"rendered":"Chegada do Papai Noel abre oficialmente o FestNatal Arax\u00e1 2025"},"content":{"rendered":"\n<figure class=\"wp-block-image size-large\"><img loading=\"lazy\" decoding=\"async\" width=\"1024\" height=\"576\" src=\"http:\/\/blogdoarmindomaia.com.br\/wp-content\/uploads\/2025\/12\/Chegada-do-Papai-Noel-abre-oficialmente-o-FestNatal-Araxa-2025-pag-8A-1024x576.jpg\" alt=\"\" class=\"wp-image-8831\" srcset=\"http:\/\/blogdoarmindomaia.com.br\/wp-content\/uploads\/2025\/12\/Chegada-do-Papai-Noel-abre-oficialmente-o-FestNatal-Araxa-2025-pag-8A-1024x576.jpg 1024w, http:\/\/blogdoarmindomaia.com.br\/wp-content\/uploads\/2025\/12\/Chegada-do-Papai-Noel-abre-oficialmente-o-FestNatal-Araxa-2025-pag-8A-300x169.jpg 300w, http:\/\/blogdoarmindomaia.com.br\/wp-content\/uploads\/2025\/12\/Chegada-do-Papai-Noel-abre-oficialmente-o-FestNatal-Araxa-2025-pag-8A-768x432.jpg 768w, http:\/\/blogdoarmindomaia.com.br\/wp-content\/uploads\/2025\/12\/Chegada-do-Papai-Noel-abre-oficialmente-o-FestNatal-Araxa-2025-pag-8A-1536x864.jpg 1536w, http:\/\/blogdoarmindomaia.com.br\/wp-content\/uploads\/2025\/12\/Chegada-do-Papai-Noel-abre-oficialmente-o-FestNatal-Araxa-2025-pag-8A.jpg 1600w\" sizes=\"auto, (max-width: 1024px) 100vw, 1024px\" \/><\/figure>\n\n\n\n<p><em>Evento celebra os 160 anos de Arax\u00e1, com programa\u00e7\u00e3o gratuita at\u00e9 21 de dezembro<\/em><\/p>\n\n\n\n<p>Arax\u00e1 se prepara para viver novamente a magia do Natal. A partir desta quinta-feira (4), a cidade recebe a abertura oficial do FestNatal Arax\u00e1 2025, o maior festival natalino de Minas Gerais, que neste ano celebra 16 anos de hist\u00f3ria e homenageia os 160 anos do munic\u00edpio. O evento ser\u00e1 realizado no estacionamento do Est\u00e1dio Municipal Fausto Alvim, com entrada gratuita e uma programa\u00e7\u00e3o que se estende at\u00e9 21 de dezembro.<\/p>\n\n\n\n<p>A chegada do Papai Noel ser\u00e1 o momento mais aguardado do primeiro dia e marca o in\u00edcio das celebra\u00e7\u00f5es. O Bom Velhinho participar\u00e1 de um grande cortejo que vai percorrer as principais ruas da cidade, convidando as fam\u00edlias a acompanharem a inaugura\u00e7\u00e3o do novo espa\u00e7o do festival. Segundo a presidente da Funda\u00e7\u00e3o Cultural Acia (Facia), Elisa Bai\u00e3o Mac\u00eado, o evento chega renovado e cheio de novidades. \u201cQueremos celebrar os 160 anos de Arax\u00e1 com um FestNatal ainda mais especial. A vila do Noel ter\u00e1 inova\u00e7\u00f5es, novos espa\u00e7os e uma programa\u00e7\u00e3o cultural inesquec\u00edvel para toda a fam\u00edlia\u201d, afirmou.<\/p>\n\n\n\n<p>A abertura no Fausto Alvim contar\u00e1 tamb\u00e9m com o Musical de Natal (Lei de Incentivo \u00e0 Cultura), al\u00e9m da cerim\u00f4nia oficial que d\u00e1 in\u00edcio \u00e0 programa\u00e7\u00e3o art\u00edstica e cultural.<\/p>\n\n\n\n<p><strong>Cortejo do Papai Noel<\/strong><\/p>\n\n\n\n<p><em>Sa\u00edda \u2013 19h<\/em><\/p>\n\n\n\n<p>Rua Imbiara, 405 \u2013 Distrito Industrial \u2013 Sede Uberl\u00e2ndia Refrescos Arax\u00e1<\/p>\n\n\n\n<p><em>Trajeto:<\/em><\/p>\n\n\n\n<p>Avenida Ministro Olavo Drummond \u2192 Avenida Amazonas \u2192 Avenida Jo\u00e3o Paulo II \u2192 Rua Danilo Cunha (subida) \u2192 Rua Washington Barcelos (ida e volta) \u2192 Rua Danilo Cunha (descida) \u2192 Avenida D\u00e2maso Drummond (at\u00e9 rotat\u00f3ria da escadaria do Cristo) \u2192 Rua Padre Anchieta \u2192 Avenida Ant\u00f4nio Carlos \u2192 Pra\u00e7a da Matriz \u2192 Avenida Get\u00falio Vargas \u2192 Rua Nossa Senhora da Concei\u00e7\u00e3o \u2192 Pra\u00e7a Governador Valadares (volta completa na pra\u00e7a iluminada) \u2192 Rua Almeida Campos \u2192 Rua Padre Jacinto \u2192 Avenida Imbiara<\/p>\n\n\n\n<p><em>Chegada \u2013 20h &#8211; Est\u00e1dio Fausto Alvim<\/em><\/p>\n\n\n\n<p><strong>Programa\u00e7\u00e3o<\/strong><\/p>\n\n\n\n<p><strong><em>04\/12 &#8211; QUINTA-FEIRA<\/em><\/strong><\/p>\n\n\n\n<p>19h \u2013 Carreata do Papai Noel<\/p>\n\n\n\n<p>20h \u2013 Chegada do Papai Noel &#8211; Est\u00e1dio Fausto Alvim<\/p>\n\n\n\n<p>20h30 \u2013 Abertura oficial<\/p>\n\n\n\n<p>21h \u2013 Musical de Natal Infantil (Lei de Incentivo \u00e0 Cultura)<\/p>\n\n\n\n<p><strong>FestNatal Arax\u00e1<\/strong>&nbsp;<\/p>\n\n\n\n<p>O FestNatal Arax\u00e1 \u00e9 o maior festival natalino de Minas Gerais. Neste ano, o evento comemora 16 anos e ocorre entre os dias 4 e 21 de dezembro no estacionamento do Est\u00e1dio Fausto Alvim com entrada gratuita e atra\u00e7\u00f5es de m\u00fasica, teatro, dan\u00e7a e muito mais.&nbsp;O evento tamb\u00e9m conta com toda a estrutura de acessibilidade, como banheiros adaptados, vagas reservadas, rampas, tradu\u00e7\u00e3o simult\u00e2nea em libras, audiodescri\u00e7\u00e3o e presen\u00e7a di\u00e1ria de uma psic\u00f3loga especialista em manejo comportamental.<\/p>\n\n\n\n<p>O FestNatal Arax\u00e1 \u00e9 realizado pela Lei Rouanet &#8211; Incentivo a Projetos Culturais, com patroc\u00ednio da CBMM, Bem Brasil, Rio Branco, Codemge e Governo do Estado de Minas Gerais, com o apoio da Algar, Prefeitura de Arax\u00e1, Funda\u00e7\u00e3o Cultural Calmon Barreto, Associa\u00e7\u00e3o Comercial, Industrial, de Turismo, Servi\u00e7os e Agroneg\u00f3cios de Arax\u00e1 (Acia), CDL Arax\u00e1 e Tv Integra\u00e7\u00e3o. Uma realiza\u00e7\u00e3o da Funda\u00e7\u00e3o Cultural Acia (Facia) e Minist\u00e9rio da Cultura, Governo do Brasil, ao lado do povo brasileiro.<\/p>\n\n\n\n<p><strong>Servi\u00e7o&nbsp;<\/strong><\/p>\n\n\n\n<p><strong><em>FestNatal Arax\u00e1<\/em><\/strong><em>&nbsp;<\/em><\/p>\n\n\n\n<p><strong>Data:&nbsp;<\/strong>de 4 a 21\/12&nbsp;<\/p>\n\n\n\n<p><strong>Local:<\/strong>&nbsp;Estacionamento do Est\u00e1dio Municipal Fausto Alvim.&nbsp;<\/p>\n\n\n\n<p><em>Entrada gratuita<\/em>&nbsp;<\/p>\n\n\n\n<p><strong>Outras informa\u00e7\u00f5es<\/strong>: @festnatalaraxa \/&nbsp;<a href=\"http:\/\/www.festnatalaraxa.com.br\/\" target=\"_blank\" rel=\"noreferrer noopener\">www.festnatalaraxa.com.br<\/a>&nbsp;<\/p>\n\n\n\n<p><\/p>\n","protected":false},"excerpt":{"rendered":"<p>Evento celebra os 160 anos de Arax\u00e1, com programa\u00e7\u00e3o gratuita at\u00e9 21 de dezembro Arax\u00e1 se prepara para viver novamente<\/p>\n","protected":false},"author":2,"featured_media":8831,"comment_status":"open","ping_status":"open","sticky":false,"template":"","format":"standard","meta":{"footnotes":""},"categories":[9,5,11],"tags":[],"class_list":["post-8830","post","type-post","status-publish","format-standard","has-post-thumbnail","hentry","category-araxa","category-arte-e-cultura","category-destaques"],"_links":{"self":[{"href":"http:\/\/blogdoarmindomaia.com.br\/index.php?rest_route=\/wp\/v2\/posts\/8830","targetHints":{"allow":["GET"]}}],"collection":[{"href":"http:\/\/blogdoarmindomaia.com.br\/index.php?rest_route=\/wp\/v2\/posts"}],"about":[{"href":"http:\/\/blogdoarmindomaia.com.br\/index.php?rest_route=\/wp\/v2\/types\/post"}],"author":[{"embeddable":true,"href":"http:\/\/blogdoarmindomaia.com.br\/index.php?rest_route=\/wp\/v2\/users\/2"}],"replies":[{"embeddable":true,"href":"http:\/\/blogdoarmindomaia.com.br\/index.php?rest_route=%2Fwp%2Fv2%2Fcomments&post=8830"}],"version-history":[{"count":1,"href":"http:\/\/blogdoarmindomaia.com.br\/index.php?rest_route=\/wp\/v2\/posts\/8830\/revisions"}],"predecessor-version":[{"id":8832,"href":"http:\/\/blogdoarmindomaia.com.br\/index.php?rest_route=\/wp\/v2\/posts\/8830\/revisions\/8832"}],"wp:featuredmedia":[{"embeddable":true,"href":"http:\/\/blogdoarmindomaia.com.br\/index.php?rest_route=\/wp\/v2\/media\/8831"}],"wp:attachment":[{"href":"http:\/\/blogdoarmindomaia.com.br\/index.php?rest_route=%2Fwp%2Fv2%2Fmedia&parent=8830"}],"wp:term":[{"taxonomy":"category","embeddable":true,"href":"http:\/\/blogdoarmindomaia.com.br\/index.php?rest_route=%2Fwp%2Fv2%2Fcategories&post=8830"},{"taxonomy":"post_tag","embeddable":true,"href":"http:\/\/blogdoarmindomaia.com.br\/index.php?rest_route=%2Fwp%2Fv2%2Ftags&post=8830"}],"curies":[{"name":"wp","href":"https:\/\/api.w.org\/{rel}","templated":true}]}}