{"id":8841,"date":"2025-12-04T14:19:31","date_gmt":"2025-12-04T17:19:31","guid":{"rendered":"http:\/\/blogdoarmindomaia.com.br\/?p=8841"},"modified":"2025-12-04T14:19:31","modified_gmt":"2025-12-04T17:19:31","slug":"comercio-de-araxa-disputa-premio-de-melhor-decoracao-de-natal","status":"publish","type":"post","link":"http:\/\/blogdoarmindomaia.com.br\/?p=8841","title":{"rendered":"Com\u00e9rcio de Arax\u00e1 disputa pr\u00eamio de melhor decora\u00e7\u00e3o de Natal"},"content":{"rendered":"\n<figure class=\"wp-block-image size-large\"><img loading=\"lazy\" decoding=\"async\" width=\"1024\" height=\"819\" src=\"http:\/\/blogdoarmindomaia.com.br\/wp-content\/uploads\/2025\/12\/Comercio-de-Araxa-disputa-premio-de-melhor-decoracao-de-Natal-pag-16-1024x819.jpg\" alt=\"\" class=\"wp-image-8842\" srcset=\"http:\/\/blogdoarmindomaia.com.br\/wp-content\/uploads\/2025\/12\/Comercio-de-Araxa-disputa-premio-de-melhor-decoracao-de-Natal-pag-16-1024x819.jpg 1024w, http:\/\/blogdoarmindomaia.com.br\/wp-content\/uploads\/2025\/12\/Comercio-de-Araxa-disputa-premio-de-melhor-decoracao-de-Natal-pag-16-300x240.jpg 300w, http:\/\/blogdoarmindomaia.com.br\/wp-content\/uploads\/2025\/12\/Comercio-de-Araxa-disputa-premio-de-melhor-decoracao-de-Natal-pag-16-768x614.jpg 768w, http:\/\/blogdoarmindomaia.com.br\/wp-content\/uploads\/2025\/12\/Comercio-de-Araxa-disputa-premio-de-melhor-decoracao-de-Natal-pag-16.jpg 1280w\" sizes=\"auto, (max-width: 1024px) 100vw, 1024px\" \/><\/figure>\n\n\n\n<p>A Funda\u00e7\u00e3o Cultural Acia (Facia) lan\u00e7ou o Decore Arax\u00e1 2025, premia\u00e7\u00e3o que vai selecionar as melhores decora\u00e7\u00f5es natalinas de fachadas e vitrines do com\u00e9rcio da cidade. O concurso, que abrange todo o munic\u00edpio, pretende estimular lojistas a ornamentarem seus estabelecimentos e contribu\u00edrem para um ambiente festivo no per\u00edodo de fim de ano. Segundo a presidente da Funda\u00e7\u00e3o Cultural Acia, Elisa Bai\u00e3o Mac\u00eado, a iniciativa refor\u00e7a o papel do com\u00e9rcio na constru\u00e7\u00e3o do esp\u00edrito natalino da cidade. \u201cA proposta do Decore Arax\u00e1 \u00e9 incentivar cada estabelecimento a ajudar a transformar a cidade. Quando o com\u00e9rcio se envolve, Arax\u00e1 fica mais bonita, mais acolhedora e preparada para receber moradores e visitantes\u201d, afirmou. Podem participar do concurso pessoas f\u00edsicas e jur\u00eddicas propriet\u00e1rias de com\u00e9rcios instalados em Arax\u00e1.A premia\u00e7\u00e3o contemplar\u00e1 dois quesitos: criatividade e beleza. Ser\u00e3o seis estabelecimentos vencedores \u2014 tr\u00eas em cada categoria. Os inscritos ser\u00e3o avaliados quanto \u00e0 organiza\u00e7\u00e3o, composi\u00e7\u00e3o e visibilidade coletiva. No quesito criatividade, tamb\u00e9m ser\u00e3o considerados os elementos originais utilizados na montagem. No quesito beleza, a qualidade est\u00e9tica ser\u00e1 o diferencial. As inscri\u00e7\u00f5es podem ser feitas at\u00e9 5 de dezembro, pelo site\u00a0<a href=\"https:\/\/click.cse360.com.br\/Click\/AddCampaignEmailClick\/df409d20-93fb-4736-541b-08de2e872dea\/http%253a%252f%252fwww.aciaraxa.com.br%252f\/0745d1c0-fc0d-42a6-9761-db01f147a7f9\/armindomaia.araxa@gmail.com\/False\" target=\"_blank\" rel=\"noreferrer noopener\">www.aciaraxa.com.br<\/a>\u00a0ou presencialmente na sede da Funda\u00e7\u00e3o Cultural Acia, na avenida Get\u00falio Vargas, 365, no Centro. A avalia\u00e7\u00e3o ocorrer\u00e1 entre os dias 8 e 12 de dezembro. A comiss\u00e3o julgadora, formada por at\u00e9 cinco membros indicados pela Funda\u00e7\u00e3o Cultural Acia, far\u00e1 as visitas sem aviso pr\u00e9vio. O resultado ser\u00e1 divulgado no dia 18 de dezembro, tamb\u00e9m no site da institui\u00e7\u00e3o. Os vencedores receber\u00e3o a visita do Papai Noel e sua trupe, al\u00e9m de trof\u00e9u e destaque na m\u00eddia local.<\/p>\n","protected":false},"excerpt":{"rendered":"<p>A Funda\u00e7\u00e3o Cultural Acia (Facia) lan\u00e7ou o Decore Arax\u00e1 2025, premia\u00e7\u00e3o que vai selecionar as melhores decora\u00e7\u00f5es natalinas de fachadas<\/p>\n","protected":false},"author":2,"featured_media":0,"comment_status":"open","ping_status":"open","sticky":false,"template":"","format":"standard","meta":{"footnotes":""},"categories":[5,11],"tags":[],"class_list":["post-8841","post","type-post","status-publish","format-standard","hentry","category-arte-e-cultura","category-destaques"],"_links":{"self":[{"href":"http:\/\/blogdoarmindomaia.com.br\/index.php?rest_route=\/wp\/v2\/posts\/8841","targetHints":{"allow":["GET"]}}],"collection":[{"href":"http:\/\/blogdoarmindomaia.com.br\/index.php?rest_route=\/wp\/v2\/posts"}],"about":[{"href":"http:\/\/blogdoarmindomaia.com.br\/index.php?rest_route=\/wp\/v2\/types\/post"}],"author":[{"embeddable":true,"href":"http:\/\/blogdoarmindomaia.com.br\/index.php?rest_route=\/wp\/v2\/users\/2"}],"replies":[{"embeddable":true,"href":"http:\/\/blogdoarmindomaia.com.br\/index.php?rest_route=%2Fwp%2Fv2%2Fcomments&post=8841"}],"version-history":[{"count":1,"href":"http:\/\/blogdoarmindomaia.com.br\/index.php?rest_route=\/wp\/v2\/posts\/8841\/revisions"}],"predecessor-version":[{"id":8843,"href":"http:\/\/blogdoarmindomaia.com.br\/index.php?rest_route=\/wp\/v2\/posts\/8841\/revisions\/8843"}],"wp:attachment":[{"href":"http:\/\/blogdoarmindomaia.com.br\/index.php?rest_route=%2Fwp%2Fv2%2Fmedia&parent=8841"}],"wp:term":[{"taxonomy":"category","embeddable":true,"href":"http:\/\/blogdoarmindomaia.com.br\/index.php?rest_route=%2Fwp%2Fv2%2Fcategories&post=8841"},{"taxonomy":"post_tag","embeddable":true,"href":"http:\/\/blogdoarmindomaia.com.br\/index.php?rest_route=%2Fwp%2Fv2%2Ftags&post=8841"}],"curies":[{"name":"wp","href":"https:\/\/api.w.org\/{rel}","templated":true}]}}