{"id":8844,"date":"2025-12-04T14:35:22","date_gmt":"2025-12-04T17:35:22","guid":{"rendered":"http:\/\/blogdoarmindomaia.com.br\/?p=8844"},"modified":"2025-12-04T14:35:23","modified_gmt":"2025-12-04T17:35:23","slug":"papai-noel-chega-hoje-e-abre-o-fest-natal-araxa-160-anos","status":"publish","type":"post","link":"http:\/\/blogdoarmindomaia.com.br\/?p=8844","title":{"rendered":"Papai Noel chega hoje e abre o Fest Natal &#8211; Arax\u00e1 160 anos"},"content":{"rendered":"\n<figure class=\"wp-block-image size-large\"><img loading=\"lazy\" decoding=\"async\" width=\"1024\" height=\"682\" src=\"http:\/\/blogdoarmindomaia.com.br\/wp-content\/uploads\/2025\/12\/NATAL-PAPAI-NOEL-3-1024x682.jpeg\" alt=\"\" class=\"wp-image-8845\" srcset=\"http:\/\/blogdoarmindomaia.com.br\/wp-content\/uploads\/2025\/12\/NATAL-PAPAI-NOEL-3-1024x682.jpeg 1024w, http:\/\/blogdoarmindomaia.com.br\/wp-content\/uploads\/2025\/12\/NATAL-PAPAI-NOEL-3-300x200.jpeg 300w, http:\/\/blogdoarmindomaia.com.br\/wp-content\/uploads\/2025\/12\/NATAL-PAPAI-NOEL-3-768x512.jpeg 768w, http:\/\/blogdoarmindomaia.com.br\/wp-content\/uploads\/2025\/12\/NATAL-PAPAI-NOEL-3-1536x1023.jpeg 1536w, http:\/\/blogdoarmindomaia.com.br\/wp-content\/uploads\/2025\/12\/NATAL-PAPAI-NOEL-3.jpeg 1600w\" sizes=\"auto, (max-width: 1024px) 100vw, 1024px\" \/><\/figure>\n\n\n\n<p><strong><br><\/strong>\u00a0<br>Arax\u00e1 abre, nesta quinta-feira (4), a edi\u00e7\u00e3o 2025 do FestNatal &#8211; Arax\u00e1 160 anos, considerado o maior festival natalino de Minas Gerais. O evento, que celebra 16 anos e integra as comemora\u00e7\u00f5es dos 160 anos do munic\u00edpio, ser\u00e1 realizado no estacionamento do Est\u00e1dio Municipal Fausto Alvim, com entrada gratuita at\u00e9 21 de dezembro.<br><br>A chegada do Papai Noel, trazido pela Caravana da Coca-Cola, marcar\u00e1 oficialmente o in\u00edcio da programa\u00e7\u00e3o. O cortejo percorrer\u00e1 diversas ruas da cidade antes de seguir para o local do evento.\u00a0 Na mesma noite, o p\u00fablico acompanhar\u00e1 a cerim\u00f4nia de abertura e o Musical de Natal (Lei de Incentivo \u00e0 Cultura).<br>\u00a0<br><strong>Cortejo do Papai Noel\u00a0<br><\/strong>Sa\u00edda \u2013 19h<br>Rua Imbiara, 405 \u2013 Distrito Industrial (Uberl\u00e2ndia Refrescos)<br>\u00a0<br><strong>Trajeto:<br><\/strong>Av. Ministro Olavo Drummond \u2192 Av. Amazonas \u2192 Av. Jo\u00e3o Paulo II \u2192 Rua Danilo Cunha (subida) \u2192 Rua Washington Barcelos (ida e volta) \u2192 Rua Danilo Cunha (descida) \u2192 Av. D\u00e2maso Drummond (at\u00e9 a rotat\u00f3ria da Escadaria do Cristo) \u2192 Rua Padre Anchieta \u2192 Av. Ant\u00f4nio Carlos \u2192 Pra\u00e7a da Matriz \u2192 Av. Get\u00falio Vargas \u2192 Rua Nossa Senhora da Concei\u00e7\u00e3o \u2192 Pra\u00e7a Governador Valadares \u2192 Rua Almeida Campos \u2192 Rua Padre Jacinto \u2192 Av. Imbiara<br>\u00a0<br>Chegada \u2013 20h<br>Est\u00e1dio Fausto Alvim<br>\u00a0<br><strong>Programa\u00e7\u00e3o\u00a0<br>04\/12 &#8211; QUINTA-FEIRA\u00a0<br><\/strong>19h \u2013 Carreata do Papai Noel<br>20h \u2013 Chegada do Papai Noel ao Est\u00e1dio Fausto Alvim<br>20h30 \u2013 Abertura oficial do FestNatal<br>21h \u2013 Musical de Natal &#8211; Cyntilante Produ\u00e7\u00f5es (Lei de Incentivo \u00e0 Cultura)<br>\u00a0<br>\u00a0<br><strong>05\/12 \u2013 SEXTA-FEIRA\u00a0<br><\/strong>19h &#8211; Abertura Vila do Noel<br>19h30 &#8211; Oficina Cultural | Kelly Mendes (Lei de Incentivo \u00e0 Cultura)<br>19h &#8211; Tio Sam (Programa\u00e7\u00e3o Extra)<br>20h &#8211; Conta\u00e7\u00e3o de Hist\u00f3ria &#8211; Sambanguinhas \u2013 Hist\u00f3rias e Cantigas (Lei de Incentivo \u00e0 Cultura)<br>20h45 &#8211; Caju e Friends (Lei de Incentivo \u00e0 Cultura)<br>22h30 &#8211; Banda Marabela (Programa\u00e7\u00e3o Extra)<br>\u00a0<br><strong>FestNatal Arax\u00e1\u00a0<br><\/strong>O FestNatal Arax\u00e1 \u00e9 o maior festival natalino de Minas Gerais. Neste ano, o evento comemora 16 anos e ocorre entre os dias 4 e 21 de dezembro no estacionamento do Est\u00e1dio Fausto Alvim com entrada gratuita e atra\u00e7\u00f5es de m\u00fasica, teatro, dan\u00e7a e muito mais.\u00a0O evento tamb\u00e9m conta com toda a estrutura de acessibilidade, como banheiros adaptados, vagas reservadas, rampas, tradu\u00e7\u00e3o simult\u00e2nea em libras, audiodescri\u00e7\u00e3o e presen\u00e7a di\u00e1ria de uma psic\u00f3loga especialista em manejo comportamental.<\/p>\n","protected":false},"excerpt":{"rendered":"<p>\u00a0Arax\u00e1 abre, nesta quinta-feira (4), a edi\u00e7\u00e3o 2025 do FestNatal &#8211; Arax\u00e1 160 anos, considerado o maior festival natalino de<\/p>\n","protected":false},"author":2,"featured_media":8845,"comment_status":"open","ping_status":"open","sticky":false,"template":"","format":"standard","meta":{"footnotes":""},"categories":[5,11],"tags":[],"class_list":["post-8844","post","type-post","status-publish","format-standard","has-post-thumbnail","hentry","category-arte-e-cultura","category-destaques"],"_links":{"self":[{"href":"http:\/\/blogdoarmindomaia.com.br\/index.php?rest_route=\/wp\/v2\/posts\/8844","targetHints":{"allow":["GET"]}}],"collection":[{"href":"http:\/\/blogdoarmindomaia.com.br\/index.php?rest_route=\/wp\/v2\/posts"}],"about":[{"href":"http:\/\/blogdoarmindomaia.com.br\/index.php?rest_route=\/wp\/v2\/types\/post"}],"author":[{"embeddable":true,"href":"http:\/\/blogdoarmindomaia.com.br\/index.php?rest_route=\/wp\/v2\/users\/2"}],"replies":[{"embeddable":true,"href":"http:\/\/blogdoarmindomaia.com.br\/index.php?rest_route=%2Fwp%2Fv2%2Fcomments&post=8844"}],"version-history":[{"count":1,"href":"http:\/\/blogdoarmindomaia.com.br\/index.php?rest_route=\/wp\/v2\/posts\/8844\/revisions"}],"predecessor-version":[{"id":8846,"href":"http:\/\/blogdoarmindomaia.com.br\/index.php?rest_route=\/wp\/v2\/posts\/8844\/revisions\/8846"}],"wp:featuredmedia":[{"embeddable":true,"href":"http:\/\/blogdoarmindomaia.com.br\/index.php?rest_route=\/wp\/v2\/media\/8845"}],"wp:attachment":[{"href":"http:\/\/blogdoarmindomaia.com.br\/index.php?rest_route=%2Fwp%2Fv2%2Fmedia&parent=8844"}],"wp:term":[{"taxonomy":"category","embeddable":true,"href":"http:\/\/blogdoarmindomaia.com.br\/index.php?rest_route=%2Fwp%2Fv2%2Fcategories&post=8844"},{"taxonomy":"post_tag","embeddable":true,"href":"http:\/\/blogdoarmindomaia.com.br\/index.php?rest_route=%2Fwp%2Fv2%2Ftags&post=8844"}],"curies":[{"name":"wp","href":"https:\/\/api.w.org\/{rel}","templated":true}]}}