{"id":8866,"date":"2026-01-05T17:06:36","date_gmt":"2026-01-05T20:06:36","guid":{"rendered":"http:\/\/blogdoarmindomaia.com.br\/?p=8866"},"modified":"2026-01-05T17:06:38","modified_gmt":"2026-01-05T20:06:38","slug":"cbmm-abre-inscricoes-para-programa-de-estagio-2026","status":"publish","type":"post","link":"http:\/\/blogdoarmindomaia.com.br\/?p=8866","title":{"rendered":"CBMM\u00a0abre inscri\u00e7\u00f5es\u00a0para Programa de Est\u00e1gio 2026"},"content":{"rendered":"\n<figure class=\"wp-block-image size-full\"><img loading=\"lazy\" decoding=\"async\" width=\"387\" height=\"305\" src=\"http:\/\/blogdoarmindomaia.com.br\/wp-content\/uploads\/2026\/01\/CBMM-abre-inscricoes-para-Programa-de-Estagio-2026-pag-08.png\" alt=\"\" class=\"wp-image-8867\" srcset=\"http:\/\/blogdoarmindomaia.com.br\/wp-content\/uploads\/2026\/01\/CBMM-abre-inscricoes-para-Programa-de-Estagio-2026-pag-08.png 387w, http:\/\/blogdoarmindomaia.com.br\/wp-content\/uploads\/2026\/01\/CBMM-abre-inscricoes-para-Programa-de-Estagio-2026-pag-08-300x236.png 300w\" sizes=\"auto, (max-width: 387px) 100vw, 387px\" \/><\/figure>\n\n\n\n<p><em>&nbsp;&nbsp;Estudantes de gradua\u00e7\u00e3o e cursos t\u00e9cnicos podem se candidatar a oportunidades no Complexo Industrial de Arax\u00e1&nbsp;(MG)&nbsp;ou em S\u00e3o Paulo&nbsp;(SP)&nbsp;<\/em>&nbsp;<\/p>\n\n\n\n<p>A CBMM,&nbsp;empresa brasileira e l\u00edder global na produ\u00e7\u00e3o e comercializa\u00e7\u00e3o de produtos de Ni\u00f3bio,&nbsp;anuncia&nbsp;a&nbsp;abertura do&nbsp;<strong>Programa de&nbsp;Est\u00e1gio 2026<\/strong>. Estudantes de gradua\u00e7\u00e3o&nbsp;(a partir do quarto per\u00edodo)&nbsp;e&nbsp;de&nbsp;cursos t\u00e9cnicos&nbsp;(com&nbsp;conclus\u00e3o do curso at\u00e9 julho de 2027)&nbsp;podem se candidatar&nbsp;a mais de 35 vagas,&nbsp;para atuar nas&nbsp;\u00e1reas administrativas e&nbsp;unidades industriais&nbsp;na planta&nbsp;de Arax\u00e1&nbsp;(MG)&nbsp;e&nbsp;nas&nbsp;\u00e1reas administrativas&nbsp;em&nbsp;S\u00e3o Paulo&nbsp;(SP).&nbsp;As&nbsp;<strong>inscri\u00e7\u00f5es<\/strong>&nbsp;podem ser&nbsp;realizadas&nbsp;<strong>at\u00e9 o dia 18 de janeiro de 2026<\/strong>,&nbsp;nos links:&nbsp;&nbsp;<\/p>\n\n\n\n<ul class=\"wp-block-list\">\n<li><strong>Vagas\u00a0&#8211;\u00a0Arax\u00e1:\u00a0<\/strong><a href=\"https:\/\/vemsercbmm.gupy.io\/jobs\/10615152?jobBoardSource=gupy_public_page\" target=\"_blank\" rel=\"noreferrer noopener\">https:\/\/vemsercbmm.gupy.io\/jobs\/10615152?jobBoardSource=gupy_public_page<\/a>\u202f\u00a0<\/li>\n\n\n\n<li><strong>Vagas\u00a0&#8211;\u00a0S\u00e3o Paulo:\u00a0<\/strong><a href=\"https:\/\/vemsercbmm.gupy.io\/jobs\/10615903?jobBoardSource=gupy_public_page\" target=\"_blank\" rel=\"noreferrer noopener\">https:\/\/vemsercbmm.gupy.io\/jobs\/10615903?jobBoardSource=gupy_public_page<\/a>\u00a0<\/li>\n<\/ul>\n\n\n\n<p>Com in\u00edcio previsto para&nbsp;mar\u00e7o,&nbsp;o&nbsp;programa&nbsp;\u00e9&nbsp;estruturado para&nbsp;que os estudantes coloquem&nbsp;em pr\u00e1tica&nbsp;o conhecimento adquirido&nbsp;em suas&nbsp;institui\u00e7\u00f5es de ensino e participem&nbsp;de&nbsp;trilhas de desenvolvimento em&nbsp;diferentes \u00e1reas de conhecimento&nbsp;\u2013 como inova\u00e7\u00e3o, projetos \u00e1geis, sustentabilidade, entre outros -,&nbsp;propondo&nbsp;desafios alinhados \u00e0 pr\u00e1tica profissional, sempre com acompanhamento pr\u00f3ximo das equipes.&nbsp;<\/p>\n\n\n\n<p>As oportunidades abrangem campos diversos, como Baterias, Seguran\u00e7a do Trabalho,&nbsp;Supply, Excel\u00eancia Operacional, Projetos T\u00e9cnicos, Engenharia, Barragens, Laborat\u00f3rio, Obras, Log\u00edstica, Jur\u00eddico, Marketing, Produ\u00e7\u00e3o, Cadastro, Manuten\u00e7\u00e3o,&nbsp;Servi\u00e7os Compartilhados (Servi\u00e7os Gerais\/&nbsp;Facilities),&nbsp;Desenvolvimento de Processos e Produtos, entre outros segmentos que integram a opera\u00e7\u00e3o da Companhia.&nbsp;<\/p>\n\n\n\n<p><strong>Confira os requisitos para participar:<\/strong>&nbsp;<\/p>\n\n\n\n<ul class=\"wp-block-list\">\n<li>Ter 18 anos (no m\u00ednimo)\u00a0<\/li>\n\n\n\n<li>Estudantes de gradua\u00e7\u00e3o\u00a0(partir do\u00a0quarto\u00a0per\u00edodo)\u00a0<\/li>\n\n\n\n<li>Alunos de cursos t\u00e9cnicos\u00a0(com previs\u00e3o de conclus\u00e3o at\u00e9 julho de 2027)\u00a0<\/li>\n\n\n\n<li>Estar\u00a0regularmente matriculado\u00a0e frequentando as\u00a0institui\u00e7\u00f5es\u00a0de ensino.\u00a0<\/li>\n\n\n\n<li>Contar com\u00a0dom\u00ednio do Pacote Office\u00a0<\/li>\n<\/ul>\n\n\n\n<p><strong>Como ser\u00e1 o est\u00e1gio na CBMM?<\/strong>&nbsp;<\/p>\n\n\n\n<ul class=\"wp-block-list\">\n<li><strong>Jornada presencial de segunda a sexta-feira:<\/strong>\u00a0Arax\u00e1 (das 8h \u00e0s 15h) e S\u00e3o Paulo\u00a0(seis horas di\u00e1rias).\u00a0<\/li>\n<\/ul>\n\n\n\n<p><strong>Sobre o processo de sele\u00e7\u00e3o:<\/strong>&nbsp;<\/p>\n\n\n\n<ul class=\"wp-block-list\">\n<li>Ser\u00e1\u00a0composto por etapas que incluem testes, din\u00e2micas de grupo e entrevistas com equipes de\u00a0Pessoas e Cultura (Recursos Humanos)\u00a0e gestores das \u00e1reas.\u00a0<\/li>\n\n\n\n<li>Em todas as fases, a CBMM busca identificar estudantes com atitude\u00a0proativa, abertura a novos aprendizados e interesse em construir uma trajet\u00f3ria consistente, com participa\u00e7\u00e3o ativa nas atividades propostas. \u00a0<\/li>\n<\/ul>\n\n\n\n<p>De acordo com&nbsp;Tamara Vieira, gerente de Desenvolvimento Humano e Organizacional,&nbsp;como parte dos Programas Porta de Entrada da CBMM, o Programa de Est\u00e1gio 2026&nbsp;tem foco na forma\u00e7\u00e3o de pessoas que desejam se desenvolver em um contexto din\u00e2mico e em constante transforma\u00e7\u00e3o. &#8220;O&nbsp;Programa&nbsp;foi&nbsp;desenhado&nbsp;para oferecer acompanhamento pr\u00f3ximo, desafios compat\u00edveis com o momento de forma\u00e7\u00e3o e espa\u00e7o para que cada estudante possa refletir seus interesses e&nbsp;desenvolver seu&nbsp;potencial de atua\u00e7\u00e3o. Ao longo dessa jornada, buscamos construir uma rela\u00e7\u00e3o em que o aprendizado di\u00e1rio se conecta&nbsp;aos&nbsp;desafios&nbsp;da empresa e com os pr\u00f3ximos passos da carreira de cada participante, que poder\u00e1 contribuir para&nbsp;transformar o futuro da ind\u00fastria por meio da inova\u00e7\u00e3o, tecnologia e compromisso com a sustentabilidade&#8221;, afirma.&nbsp;<\/p>\n","protected":false},"excerpt":{"rendered":"<p>&nbsp;&nbsp;Estudantes de gradua\u00e7\u00e3o e cursos t\u00e9cnicos podem se candidatar a oportunidades no Complexo Industrial de Arax\u00e1&nbsp;(MG)&nbsp;ou em S\u00e3o Paulo&nbsp;(SP)&nbsp;&nbsp; A<\/p>\n","protected":false},"author":2,"featured_media":8867,"comment_status":"open","ping_status":"open","sticky":false,"template":"","format":"standard","meta":{"footnotes":""},"categories":[9,11],"tags":[],"class_list":["post-8866","post","type-post","status-publish","format-standard","has-post-thumbnail","hentry","category-araxa","category-destaques"],"_links":{"self":[{"href":"http:\/\/blogdoarmindomaia.com.br\/index.php?rest_route=\/wp\/v2\/posts\/8866","targetHints":{"allow":["GET"]}}],"collection":[{"href":"http:\/\/blogdoarmindomaia.com.br\/index.php?rest_route=\/wp\/v2\/posts"}],"about":[{"href":"http:\/\/blogdoarmindomaia.com.br\/index.php?rest_route=\/wp\/v2\/types\/post"}],"author":[{"embeddable":true,"href":"http:\/\/blogdoarmindomaia.com.br\/index.php?rest_route=\/wp\/v2\/users\/2"}],"replies":[{"embeddable":true,"href":"http:\/\/blogdoarmindomaia.com.br\/index.php?rest_route=%2Fwp%2Fv2%2Fcomments&post=8866"}],"version-history":[{"count":1,"href":"http:\/\/blogdoarmindomaia.com.br\/index.php?rest_route=\/wp\/v2\/posts\/8866\/revisions"}],"predecessor-version":[{"id":8868,"href":"http:\/\/blogdoarmindomaia.com.br\/index.php?rest_route=\/wp\/v2\/posts\/8866\/revisions\/8868"}],"wp:featuredmedia":[{"embeddable":true,"href":"http:\/\/blogdoarmindomaia.com.br\/index.php?rest_route=\/wp\/v2\/media\/8867"}],"wp:attachment":[{"href":"http:\/\/blogdoarmindomaia.com.br\/index.php?rest_route=%2Fwp%2Fv2%2Fmedia&parent=8866"}],"wp:term":[{"taxonomy":"category","embeddable":true,"href":"http:\/\/blogdoarmindomaia.com.br\/index.php?rest_route=%2Fwp%2Fv2%2Fcategories&post=8866"},{"taxonomy":"post_tag","embeddable":true,"href":"http:\/\/blogdoarmindomaia.com.br\/index.php?rest_route=%2Fwp%2Fv2%2Ftags&post=8866"}],"curies":[{"name":"wp","href":"https:\/\/api.w.org\/{rel}","templated":true}]}}