{"id":8877,"date":"2026-01-08T15:28:49","date_gmt":"2026-01-08T18:28:49","guid":{"rendered":"http:\/\/blogdoarmindomaia.com.br\/?p=8877"},"modified":"2026-01-08T15:28:49","modified_gmt":"2026-01-08T18:28:49","slug":"procon-araxa-orienta-pais-a-ficarem-atentos-as-listas-de-material-escolar","status":"publish","type":"post","link":"http:\/\/blogdoarmindomaia.com.br\/?p=8877","title":{"rendered":"Procon Arax\u00e1 orienta pais a ficarem atentos \u00e0s listas de material escolar"},"content":{"rendered":"\n<figure class=\"wp-block-image size-large\"><img loading=\"lazy\" decoding=\"async\" width=\"819\" height=\"1024\" src=\"http:\/\/blogdoarmindomaia.com.br\/wp-content\/uploads\/2026\/01\/Procon-Araxa-orienta-pais-a-ficarem-atentos-as-listas-de-material-escolar-pag-05-819x1024.jpeg\" alt=\"\" class=\"wp-image-8878\" srcset=\"http:\/\/blogdoarmindomaia.com.br\/wp-content\/uploads\/2026\/01\/Procon-Araxa-orienta-pais-a-ficarem-atentos-as-listas-de-material-escolar-pag-05-819x1024.jpeg 819w, http:\/\/blogdoarmindomaia.com.br\/wp-content\/uploads\/2026\/01\/Procon-Araxa-orienta-pais-a-ficarem-atentos-as-listas-de-material-escolar-pag-05-240x300.jpeg 240w, http:\/\/blogdoarmindomaia.com.br\/wp-content\/uploads\/2026\/01\/Procon-Araxa-orienta-pais-a-ficarem-atentos-as-listas-de-material-escolar-pag-05-768x960.jpeg 768w, http:\/\/blogdoarmindomaia.com.br\/wp-content\/uploads\/2026\/01\/Procon-Araxa-orienta-pais-a-ficarem-atentos-as-listas-de-material-escolar-pag-05.jpeg 1080w\" sizes=\"auto, (max-width: 819px) 100vw, 819px\" \/><\/figure>\n\n\n\n<p>Com a proximidade do per\u00edodo de matr\u00edcula e da volta \u00e0s aulas, o Procon Arax\u00e1 orienta pais e respons\u00e1veis a ficarem atentos \u00e0s listas de material escolar exigidas pelas institui\u00e7\u00f5es de ensino. O \u00f3rg\u00e3o alerta que pr\u00e1ticas abusivas ainda s\u00e3o comuns nessa \u00e9poca do ano e que a legisla\u00e7\u00e3o garante direitos importantes aos consumidores, evitando que custos indevidos sejam repassados \u00e0s fam\u00edlias. De acordo com o Procon, a lista de material escolar deve conter apenas itens de uso individual do estudante, ou seja, materiais que ser\u00e3o efetivamente utilizados pelo aluno para a realiza\u00e7\u00e3o das atividades pedag\u00f3gicas ao longo do ano letivo. Qualquer item que n\u00e3o se enquadre nessa finalidade n\u00e3o pode ser exigido pela escola. O \u00f3rg\u00e3o esclarece que n\u00e3o s\u00e3o considerados materiais escolares itens como alimenta\u00e7\u00e3o, fantasias, materiais recreativos ou produtos destinados ao uso coletivo ou administrativo da institui\u00e7\u00e3o. Esses custos devem ser assumidos pela pr\u00f3pria escola e n\u00e3o podem ser transferidos aos pais ou respons\u00e1veis, conforme prev\u00ea o C\u00f3digo de Defesa do Consumidor. Entre os itens que n\u00e3o podem constar na lista est\u00e3o materiais de uso coletivo, como esponjas, tintas e pap\u00e9is de uso comum, al\u00e9m de produtos de limpeza. A inclus\u00e3o desses itens \u00e9 considerada pr\u00e1tica abusiva, uma vez que s\u00e3o de responsabilidade da institui\u00e7\u00e3o de ensino e n\u00e3o do consumidor. O Procon orienta ainda que, em caso de d\u00favida sobre algum item solicitado, o consumidor pode e deve questionar a escola, pedir esclarecimentos sobre a finalidade do material e solicitar informa\u00e7\u00f5es claras e detalhadas. A institui\u00e7\u00e3o de ensino deve permitir a verifica\u00e7\u00e3o do uso pedag\u00f3gico informado, garantindo transpar\u00eancia na rela\u00e7\u00e3o com as fam\u00edlias. Caso a escola insista na exig\u00eancia de itens considerados abusivos, mesmo ap\u00f3s questionamentos, o consumidor n\u00e3o fica desamparado. O Procon Arax\u00e1 recomenda que os pais ou respons\u00e1veis procurem o \u00f3rg\u00e3o para registrar a reclama\u00e7\u00e3o e receber orienta\u00e7\u00e3o adequada. De acordo com o Secret\u00e1rio Executivo do Procon Arax\u00e1, Ezequiel Borges, informa\u00e7\u00e3o e aten\u00e7\u00e3o s\u00e3o fundamentais para garantir que os direitos do consumidor sejam respeitados. \u201cDiante de qualquer irregularidade, a recomenda\u00e7\u00e3o \u00e9 buscar o apoio do Procon, assegurando uma rela\u00e7\u00e3o de consumo justa e evitando despesas indevidas no in\u00edcio do ano letivo\u201d, diz.<\/p>\n","protected":false},"excerpt":{"rendered":"<p>Com a proximidade do per\u00edodo de matr\u00edcula e da volta \u00e0s aulas, o Procon Arax\u00e1 orienta pais e respons\u00e1veis a<\/p>\n","protected":false},"author":2,"featured_media":8878,"comment_status":"open","ping_status":"open","sticky":false,"template":"","format":"standard","meta":{"footnotes":""},"categories":[9,11],"tags":[],"class_list":["post-8877","post","type-post","status-publish","format-standard","has-post-thumbnail","hentry","category-araxa","category-destaques"],"_links":{"self":[{"href":"http:\/\/blogdoarmindomaia.com.br\/index.php?rest_route=\/wp\/v2\/posts\/8877","targetHints":{"allow":["GET"]}}],"collection":[{"href":"http:\/\/blogdoarmindomaia.com.br\/index.php?rest_route=\/wp\/v2\/posts"}],"about":[{"href":"http:\/\/blogdoarmindomaia.com.br\/index.php?rest_route=\/wp\/v2\/types\/post"}],"author":[{"embeddable":true,"href":"http:\/\/blogdoarmindomaia.com.br\/index.php?rest_route=\/wp\/v2\/users\/2"}],"replies":[{"embeddable":true,"href":"http:\/\/blogdoarmindomaia.com.br\/index.php?rest_route=%2Fwp%2Fv2%2Fcomments&post=8877"}],"version-history":[{"count":1,"href":"http:\/\/blogdoarmindomaia.com.br\/index.php?rest_route=\/wp\/v2\/posts\/8877\/revisions"}],"predecessor-version":[{"id":8879,"href":"http:\/\/blogdoarmindomaia.com.br\/index.php?rest_route=\/wp\/v2\/posts\/8877\/revisions\/8879"}],"wp:featuredmedia":[{"embeddable":true,"href":"http:\/\/blogdoarmindomaia.com.br\/index.php?rest_route=\/wp\/v2\/media\/8878"}],"wp:attachment":[{"href":"http:\/\/blogdoarmindomaia.com.br\/index.php?rest_route=%2Fwp%2Fv2%2Fmedia&parent=8877"}],"wp:term":[{"taxonomy":"category","embeddable":true,"href":"http:\/\/blogdoarmindomaia.com.br\/index.php?rest_route=%2Fwp%2Fv2%2Fcategories&post=8877"},{"taxonomy":"post_tag","embeddable":true,"href":"http:\/\/blogdoarmindomaia.com.br\/index.php?rest_route=%2Fwp%2Fv2%2Ftags&post=8877"}],"curies":[{"name":"wp","href":"https:\/\/api.w.org\/{rel}","templated":true}]}}