{"id":8880,"date":"2026-01-08T15:30:39","date_gmt":"2026-01-08T18:30:39","guid":{"rendered":"http:\/\/blogdoarmindomaia.com.br\/?p=8880"},"modified":"2026-01-08T15:30:39","modified_gmt":"2026-01-08T18:30:39","slug":"chefe-da-receita-federal-explica-isencao-do-imposto-de-renda-para-salarios-de-ate-r-5-mil","status":"publish","type":"post","link":"http:\/\/blogdoarmindomaia.com.br\/?p=8880","title":{"rendered":"Chefe da Receita Federal explica isen\u00e7\u00e3o do Imposto de Renda para sal\u00e1rios de at\u00e9 R$ 5 mil"},"content":{"rendered":"\n<p><\/p>\n\n\n\n<figure class=\"wp-block-image size-full\"><img loading=\"lazy\" decoding=\"async\" width=\"870\" height=\"653\" src=\"http:\/\/blogdoarmindomaia.com.br\/wp-content\/uploads\/2026\/01\/Chefe-da-Receita-Federal-explica-isencao-do-Imposto-de-Renda-para-salarios-de-ate-R-5-mil-pag-08.jpg\" alt=\"\" class=\"wp-image-8881\" srcset=\"http:\/\/blogdoarmindomaia.com.br\/wp-content\/uploads\/2026\/01\/Chefe-da-Receita-Federal-explica-isencao-do-Imposto-de-Renda-para-salarios-de-ate-R-5-mil-pag-08.jpg 870w, http:\/\/blogdoarmindomaia.com.br\/wp-content\/uploads\/2026\/01\/Chefe-da-Receita-Federal-explica-isencao-do-Imposto-de-Renda-para-salarios-de-ate-R-5-mil-pag-08-300x225.jpg 300w, http:\/\/blogdoarmindomaia.com.br\/wp-content\/uploads\/2026\/01\/Chefe-da-Receita-Federal-explica-isencao-do-Imposto-de-Renda-para-salarios-de-ate-R-5-mil-pag-08-768x576.jpg 768w\" sizes=\"auto, (max-width: 870px) 100vw, 870px\" \/><figcaption class=\"wp-element-caption\">CREATOR: gd-jpeg v1.0 (using IJG JPEG v62), quality = 85<\/figcaption><\/figure>\n\n\n\n<p>J\u00e1 est\u00e1 em vigor a nova lei sancionada pelo governo federal no final de 2025, que amplia a isen\u00e7\u00e3o do imposto de renda para quem ganha at\u00e9 R$ 5 mil reais por m\u00eas. Em entrevista ao Jornal Intera\u00e7\u00e3o, o chefe da ag\u00eancia da Receita Federal de Arax\u00e1, Eduardo Pastor Paraguassu, esclareceu algumas d\u00favidas sobre a mudan\u00e7a. Segundo ele, \u201ca lei tamb\u00e9m estabelece descontos parciais no imposto para quem ganha na faixa de R$ 5000,01 at\u00e9 R$ 7.350,00. E para manter o equil\u00edbrio fiscal e compensar a redu\u00e7\u00e3o na arrecada\u00e7\u00e3o, a legisla\u00e7\u00e3o estabelece incremento na tributa\u00e7\u00e3o de altas rendas, a partir de R$ 600 mil anuais\u201d.<\/p>\n\n\n\n<p>Ainda de acordo com Eduardo, \u201ccom essas medidas, estima-se que em Minas Gerais <strong>1.184.110<\/strong> trabalhadores que ganham at\u00e9 R$ 5 mil por m\u00eas no estado <strong>deixem<\/strong> de pagar o tributo a partir de 2026, enquanto <strong>565.023 pessoas<\/strong>, com renda entre R$ 5 mil e R$ 7,35 mil mensais, <strong>tenham descontos progressivos<\/strong>. Ou seja, <strong>1,74 milh\u00e3o<\/strong> de contribuintes ter\u00e3o impacto direto. Atualmente, cerca de <strong>1,5 milh\u00e3o<\/strong> de declarantes de Imposto de Renda em Minas Gerais <strong>j\u00e1 n\u00e3o pagam o IR<\/strong>. Com as novas mudan\u00e7as, <strong>o n\u00famero vai chegar a cerca de 2,6 milh\u00f5es <\/strong>de contribuintes completamente isentos\u201d.<\/p>\n\n\n\n<p>O Chefe da ag\u00eancia da Receita Federal de Arax\u00e1, tamb\u00e9m explica que, \u201ca t\u00edtulo de exemplo, antes da lei, o contribuinte que ganhava R$ 5.000,00\/m\u00eas e fazia uso do desconto simplificado previsto, pagava de Imposto de Renda o valor de R$ 312,89. Com as mudan\u00e7as, n\u00e3o ter\u00e1 que pagar, ou seja, ter\u00e1 uma economia anual (sem considerar 13\u00ba) de R$ 3.754,68\u201d.<\/p>\n\n\n\n<p>Finalizando, Eduardo Paraguassu, diz que, \u201co contribuinte n\u00e3o precisar\u00e1 fazer nada. As fontes pagadoras \u00e9 que ter\u00e3o que ajustar seus sistemas de Folha de Pagamento para que possam realizar a reten\u00e7\u00e3o de IR corretamente, de acordo com as novas regras institu\u00eddos pela Lei 15.270\/2025. E provavelmente, no in\u00edcio de m\u00eas de mar\u00e7o ser\u00e3o apresentadas as regras e novidades da Declara\u00e7\u00e3o de Ajuste de 2026, referente ao Ano-Calend\u00e1rio de 2025,\u201d concluiu.<\/p>\n","protected":false},"excerpt":{"rendered":"<p>J\u00e1 est\u00e1 em vigor a nova lei sancionada pelo governo federal no final de 2025, que amplia a isen\u00e7\u00e3o do<\/p>\n","protected":false},"author":2,"featured_media":8881,"comment_status":"open","ping_status":"open","sticky":false,"template":"","format":"standard","meta":{"footnotes":""},"categories":[9,11],"tags":[],"class_list":["post-8880","post","type-post","status-publish","format-standard","has-post-thumbnail","hentry","category-araxa","category-destaques"],"_links":{"self":[{"href":"http:\/\/blogdoarmindomaia.com.br\/index.php?rest_route=\/wp\/v2\/posts\/8880","targetHints":{"allow":["GET"]}}],"collection":[{"href":"http:\/\/blogdoarmindomaia.com.br\/index.php?rest_route=\/wp\/v2\/posts"}],"about":[{"href":"http:\/\/blogdoarmindomaia.com.br\/index.php?rest_route=\/wp\/v2\/types\/post"}],"author":[{"embeddable":true,"href":"http:\/\/blogdoarmindomaia.com.br\/index.php?rest_route=\/wp\/v2\/users\/2"}],"replies":[{"embeddable":true,"href":"http:\/\/blogdoarmindomaia.com.br\/index.php?rest_route=%2Fwp%2Fv2%2Fcomments&post=8880"}],"version-history":[{"count":1,"href":"http:\/\/blogdoarmindomaia.com.br\/index.php?rest_route=\/wp\/v2\/posts\/8880\/revisions"}],"predecessor-version":[{"id":8882,"href":"http:\/\/blogdoarmindomaia.com.br\/index.php?rest_route=\/wp\/v2\/posts\/8880\/revisions\/8882"}],"wp:featuredmedia":[{"embeddable":true,"href":"http:\/\/blogdoarmindomaia.com.br\/index.php?rest_route=\/wp\/v2\/media\/8881"}],"wp:attachment":[{"href":"http:\/\/blogdoarmindomaia.com.br\/index.php?rest_route=%2Fwp%2Fv2%2Fmedia&parent=8880"}],"wp:term":[{"taxonomy":"category","embeddable":true,"href":"http:\/\/blogdoarmindomaia.com.br\/index.php?rest_route=%2Fwp%2Fv2%2Fcategories&post=8880"},{"taxonomy":"post_tag","embeddable":true,"href":"http:\/\/blogdoarmindomaia.com.br\/index.php?rest_route=%2Fwp%2Fv2%2Ftags&post=8880"}],"curies":[{"name":"wp","href":"https:\/\/api.w.org\/{rel}","templated":true}]}}