{"id":8892,"date":"2026-02-11T00:43:33","date_gmt":"2026-02-11T03:43:33","guid":{"rendered":"http:\/\/blogdoarmindomaia.com.br\/?p=8892"},"modified":"2026-02-11T00:43:34","modified_gmt":"2026-02-11T03:43:34","slug":"dr-mario-heringer-lidera-aprovacao-de-urgencia-para-quebra-de-patente-das-canetas-emagrecedoras-por-337-votos-a-19","status":"publish","type":"post","link":"http:\/\/blogdoarmindomaia.com.br\/?p=8892","title":{"rendered":"Dr. M\u00e1rio Heringer lidera aprova\u00e7\u00e3o de urg\u00eancia para quebra de patente das \u201ccanetas emagrecedoras\u201d por 337 votos a 19"},"content":{"rendered":"\n<figure class=\"wp-block-image size-full\"><img loading=\"lazy\" decoding=\"async\" width=\"613\" height=\"512\" src=\"http:\/\/blogdoarmindomaia.com.br\/wp-content\/uploads\/2026\/02\/Mario-Hweinger.jpg\" alt=\"\" class=\"wp-image-8893\" srcset=\"http:\/\/blogdoarmindomaia.com.br\/wp-content\/uploads\/2026\/02\/Mario-Hweinger.jpg 613w, http:\/\/blogdoarmindomaia.com.br\/wp-content\/uploads\/2026\/02\/Mario-Hweinger-300x251.jpg 300w\" sizes=\"auto, (max-width: 613px) 100vw, 613px\" \/><\/figure>\n\n\n\n<p>Articulada pelo l\u00edder do PDT e presidente da sigla em Minas Gerais, deputado Dr. M\u00e1rio Heringer, a C\u00e2mara dos Deputados aprovou, na noite desta segunda-feira (09), o regime de urg\u00eancia para o Projeto de Lei 68\/26. A proposta, de autoria do pr\u00f3prio parlamentar, trata da licen\u00e7a compuls\u00f3ria \u2014 a quebra de patente \u2014 da tirzepatida, subst\u00e2ncia base das populares \u201ccanetas emagrecedoras\u201d, como o Mounjaro.<\/p>\n\n\n\n<p>O resultado da vota\u00e7\u00e3o foi expressivo, com 337 votos favor\u00e1veis e apenas 19 contr\u00e1rios, consolidando uma vit\u00f3ria pol\u00edtica significativa para o deputado, que defendeu a medida na tribuna como uma quest\u00e3o urgente de pol\u00edtica p\u00fablica de sa\u00fade, visando retirar o car\u00e1ter de elitiza\u00e7\u00e3o do tratamento e garantir acesso amplo \u00e0 popula\u00e7\u00e3o.<\/p>\n\n\n\n<p>Em seu discurso, Dr. M\u00e1rio sustentou que a quebra da patente \u00e9 a \u00fanica via para democratizar o acesso ao f\u00e1rmaco. O l\u00edder pedetista argumentou que a manuten\u00e7\u00e3o do monop\u00f3lio atual restringe as \u201ccanetas\u201d a uma pequena parcela privilegiada capaz de pagar pre\u00e7os exorbitantes, enquanto a maioria dos brasileiros \u2014 seja dependente do SUS, da sa\u00fade suplementar ou que paga do pr\u00f3prio bolso \u2014 permanece exclu\u00edda. Para o parlamentar, a redu\u00e7\u00e3o dr\u00e1stica dos custos permitiria que a subst\u00e2ncia chegasse \u00e0s prateleiras das farm\u00e1cias e aos hospitais a pre\u00e7os justos, prevenindo doen\u00e7as graves e gerando uma economia estimada em R$ 70 bilh\u00f5es anuais ao pa\u00eds ao evitar interna\u00e7\u00f5es, amputa\u00e7\u00f5es, cegueira e infartos decorrentes do diabetes descontrolado e da obesidade.<\/p>\n\n\n\n<p>M\u00e9dico de forma\u00e7\u00e3o, Dr. M\u00e1rio utilizou a pr\u00f3pria experi\u00eancia cl\u00ednica como prova da efic\u00e1cia do tratamento que busca popularizar. Em um relato pessoal que chamou a aten\u00e7\u00e3o do Plen\u00e1rio, ele detalhou como o uso da medica\u00e7\u00e3o transformou sua sa\u00fade: al\u00e9m de perder 12 quilos, viu sua glicemia despencar de 300 mg\/dL para 90 mg\/dL, o colesterol baixar de 800 mg\/dL para 200 mg\/dL e os triglicer\u00eddeos recuarem de n\u00edveis cr\u00edticos, entre 1.400 e 1.600 mg\/dL, para 180 mg\/dL. O deputado tamb\u00e9m enfatizou a cura de sua hipertens\u00e3o e apneia do sono, questionando de forma contundente por que apenas ele, na condi\u00e7\u00e3o de parlamentar e m\u00e9dico, poderia ter acesso a essa tecnologia, enquanto a popula\u00e7\u00e3o continua adoecendo sem alternativa.<\/p>\n\n\n\n<p>Durante a orienta\u00e7\u00e3o de bancada, Dr. M\u00e1rio reafirmou que seu compromisso n\u00e3o \u00e9 com a prote\u00e7\u00e3o financeira de corpora\u00e7\u00f5es, mas com a prote\u00e7\u00e3o da vida e da sociedade brasileira como um todo. Com a aprova\u00e7\u00e3o da urg\u00eancia por ampla maioria, o PL 68\/26, sob a lideran\u00e7a do deputado mineiro, ganha celeridade m\u00e1xima e ter\u00e1 seu m\u00e9rito analisado diretamente pelo Plen\u00e1rio, dispensando a tramita\u00e7\u00e3o lenta pelas comiss\u00f5es tem\u00e1ticas.<\/p>\n","protected":false},"excerpt":{"rendered":"<p>Articulada pelo l\u00edder do PDT e presidente da sigla em Minas Gerais, deputado Dr. M\u00e1rio Heringer, a C\u00e2mara dos Deputados<\/p>\n","protected":false},"author":2,"featured_media":8893,"comment_status":"open","ping_status":"open","sticky":false,"template":"","format":"standard","meta":{"footnotes":""},"categories":[9,11],"tags":[],"class_list":["post-8892","post","type-post","status-publish","format-standard","has-post-thumbnail","hentry","category-araxa","category-destaques"],"_links":{"self":[{"href":"http:\/\/blogdoarmindomaia.com.br\/index.php?rest_route=\/wp\/v2\/posts\/8892","targetHints":{"allow":["GET"]}}],"collection":[{"href":"http:\/\/blogdoarmindomaia.com.br\/index.php?rest_route=\/wp\/v2\/posts"}],"about":[{"href":"http:\/\/blogdoarmindomaia.com.br\/index.php?rest_route=\/wp\/v2\/types\/post"}],"author":[{"embeddable":true,"href":"http:\/\/blogdoarmindomaia.com.br\/index.php?rest_route=\/wp\/v2\/users\/2"}],"replies":[{"embeddable":true,"href":"http:\/\/blogdoarmindomaia.com.br\/index.php?rest_route=%2Fwp%2Fv2%2Fcomments&post=8892"}],"version-history":[{"count":1,"href":"http:\/\/blogdoarmindomaia.com.br\/index.php?rest_route=\/wp\/v2\/posts\/8892\/revisions"}],"predecessor-version":[{"id":8894,"href":"http:\/\/blogdoarmindomaia.com.br\/index.php?rest_route=\/wp\/v2\/posts\/8892\/revisions\/8894"}],"wp:featuredmedia":[{"embeddable":true,"href":"http:\/\/blogdoarmindomaia.com.br\/index.php?rest_route=\/wp\/v2\/media\/8893"}],"wp:attachment":[{"href":"http:\/\/blogdoarmindomaia.com.br\/index.php?rest_route=%2Fwp%2Fv2%2Fmedia&parent=8892"}],"wp:term":[{"taxonomy":"category","embeddable":true,"href":"http:\/\/blogdoarmindomaia.com.br\/index.php?rest_route=%2Fwp%2Fv2%2Fcategories&post=8892"},{"taxonomy":"post_tag","embeddable":true,"href":"http:\/\/blogdoarmindomaia.com.br\/index.php?rest_route=%2Fwp%2Fv2%2Ftags&post=8892"}],"curies":[{"name":"wp","href":"https:\/\/api.w.org\/{rel}","templated":true}]}}