{"id":8899,"date":"2026-02-19T15:02:54","date_gmt":"2026-02-19T18:02:54","guid":{"rendered":"http:\/\/blogdoarmindomaia.com.br\/?p=8899"},"modified":"2026-02-19T15:02:55","modified_gmt":"2026-02-19T18:02:55","slug":"carnaraxa-2026-reune-mais-de-20-mil-pessoas-em-quatro-dias-de-festa","status":"publish","type":"post","link":"http:\/\/blogdoarmindomaia.com.br\/?p=8899","title":{"rendered":"CarnArax\u00e1 2026 re\u00fane mais de 20 mil pessoas em quatro dias de festa"},"content":{"rendered":"\n<figure class=\"wp-block-image size-large\"><img loading=\"lazy\" decoding=\"async\" width=\"1024\" height=\"576\" src=\"http:\/\/blogdoarmindomaia.com.br\/wp-content\/uploads\/2026\/02\/CarnAraxa-2026-reune-mais-de-20-mil-pessoas-em-quatro-dias-de-festa-1024x576.jpeg\" alt=\"\" class=\"wp-image-8900\" srcset=\"http:\/\/blogdoarmindomaia.com.br\/wp-content\/uploads\/2026\/02\/CarnAraxa-2026-reune-mais-de-20-mil-pessoas-em-quatro-dias-de-festa-1024x576.jpeg 1024w, http:\/\/blogdoarmindomaia.com.br\/wp-content\/uploads\/2026\/02\/CarnAraxa-2026-reune-mais-de-20-mil-pessoas-em-quatro-dias-de-festa-300x169.jpeg 300w, http:\/\/blogdoarmindomaia.com.br\/wp-content\/uploads\/2026\/02\/CarnAraxa-2026-reune-mais-de-20-mil-pessoas-em-quatro-dias-de-festa-768x432.jpeg 768w, http:\/\/blogdoarmindomaia.com.br\/wp-content\/uploads\/2026\/02\/CarnAraxa-2026-reune-mais-de-20-mil-pessoas-em-quatro-dias-de-festa.jpeg 1280w\" sizes=\"auto, (max-width: 1024px) 100vw, 1024px\" \/><\/figure>\n\n\n\n<p>O CarnArax\u00e1 2026 reuniu mais de 20 mil pessoas na Avenida Imbiara e no estacionamento do Est\u00e1dio Municipal Fausto Alvim, entre os dias 14 e 17 de fevereiro. Com desfiles de blocos, shows ao vivo, trio el\u00e9trico, pra\u00e7a de alimenta\u00e7\u00e3o diversificada e um esquema refor\u00e7ado de seguran\u00e7a, a festa marcou o calend\u00e1rio cultural da cidade com organiza\u00e7\u00e3o e grande participa\u00e7\u00e3o popular.<br><br>Mais do que a folia tradicional, o evento se destacou pelo clima familiar. Pais, filhos e grupos de amigos aproveitaram juntos a programa\u00e7\u00e3o, em um espa\u00e7o planejado para receber p\u00fablicos de todas as idades. A estrutura contou com \u00e1rea kids, brinquedos infantis e um ambiente preparado para oferecer conforto e tranquilidade aos frequentadores.<br><br>A cuidadora de idosos Larissa Oliveira participou dos quatro dias de festa e levou os filhos para acompanhar a programa\u00e7\u00e3o. Segundo ela, o evento atendeu \u00e0s expectativas. \u201cO Carnaval foi muito bom, um carnaval fam\u00edlia. Era o que a gente estava esperando. Trouxe meus filhos, estou com meu rec\u00e9m-nascido aqui, e est\u00e1 sendo um Carnaval com seguran\u00e7a e total apoio\u201d,<br>afirma.<br><br>A programa\u00e7\u00e3o contou com os blocos Panel\u00e3o de Minas, Vai que Cola, Vai Quem Quer e Vapo Vapo. A concentra\u00e7\u00e3o come\u00e7ou diariamente na Pra\u00e7a Dom Bosco, a partir das 15h. Em seguida, os foli\u00f5es seguiram em cortejo animado por trio el\u00e9trico at\u00e9 o est\u00e1dio, onde a festa continuava com dois shows por noite. Ao todo, seis bandas araxaenses e duas atra\u00e7\u00f5es de outras cidades garantiram diversidade musical e mantiveram o p\u00fablico animado do in\u00edcio ao fim.<\/p>\n\n\n\n<figure class=\"wp-block-image size-large\"><img loading=\"lazy\" decoding=\"async\" width=\"1024\" height=\"682\" src=\"http:\/\/blogdoarmindomaia.com.br\/wp-content\/uploads\/2026\/02\/CarnAraxa-2026-reune-mais-de-20-mil-pessoas-em-quatro-dias-de-festa-3-1024x682.jpeg\" alt=\"\" class=\"wp-image-8901\" srcset=\"http:\/\/blogdoarmindomaia.com.br\/wp-content\/uploads\/2026\/02\/CarnAraxa-2026-reune-mais-de-20-mil-pessoas-em-quatro-dias-de-festa-3-1024x682.jpeg 1024w, http:\/\/blogdoarmindomaia.com.br\/wp-content\/uploads\/2026\/02\/CarnAraxa-2026-reune-mais-de-20-mil-pessoas-em-quatro-dias-de-festa-3-300x200.jpeg 300w, http:\/\/blogdoarmindomaia.com.br\/wp-content\/uploads\/2026\/02\/CarnAraxa-2026-reune-mais-de-20-mil-pessoas-em-quatro-dias-de-festa-3-768x512.jpeg 768w, http:\/\/blogdoarmindomaia.com.br\/wp-content\/uploads\/2026\/02\/CarnAraxa-2026-reune-mais-de-20-mil-pessoas-em-quatro-dias-de-festa-3-1536x1023.jpeg 1536w, http:\/\/blogdoarmindomaia.com.br\/wp-content\/uploads\/2026\/02\/CarnAraxa-2026-reune-mais-de-20-mil-pessoas-em-quatro-dias-de-festa-3.jpeg 1600w\" sizes=\"auto, (max-width: 1024px) 100vw, 1024px\" \/><\/figure>\n\n\n\n<p><br><br>Para Plinio Jonathas Silva, presidente do Bloco Vai Quem Quer, o sentimento \u00e9 de gratid\u00e3o. \u201cEstamos emocionados com tanto carinho, tanto da Funda\u00e7\u00e3o Cultural quanto da Prefeitura. \u00c9 um projeto maravilhoso e tamb\u00e9m social dentro dos nossos bairros e comunidades. A organiza\u00e7\u00e3o foi impec\u00e1vel e com muita seguran\u00e7a, estamos muito felizes\u201d, destaca.<br><br>O CarnArax\u00e1 2026 foi realizado pela Associa\u00e7\u00e3o dos Moradores e Amigos dos Bairros Adhemar Rodrigues Vale, Andreia, \u00c1rea III e Est\u00e2ncia (AMVEA) e pelo Minist\u00e9rio da Cultura, com apoio da Prefeitura de Arax\u00e1, da Funda\u00e7\u00e3o Cultural Calmon Barreto e da Secretaria Municipal de Turismo. O evento contou ainda com patroc\u00ednio das empresas Uniube Arax\u00e1, Te Levo Mobile e St. George Mining Limited, al\u00e9m de emenda parlamentar viabilizada pelo vereador Jo\u00e3o Paulo da Filomena e apoio log\u00edstico da A3.<br><br>A presidente da Funda\u00e7\u00e3o Cultural Calmon Barreto, Madalena Aguiar, tamb\u00e9m ressaltou o car\u00e1ter familiar e organizado da festa, destacando o envolvimento da comunidade ao longo dos quatro dias de programa\u00e7\u00e3o.<br><br>\u201cFoi muito bacana acompanhar tudo de perto. Vimos muitas fam\u00edlias, crian\u00e7as pequenas, pais com os filhos, grupos de amigos se divertindo nos shows e participando dos blocos com muita alegria e respeito. Isso mostra que \u00e9 poss\u00edvel fazer um Carnaval animado, seguro e acolhedor. Ficamos muito felizes com o resultado e com a participa\u00e7\u00e3o da popula\u00e7\u00e3o\u201d, afirma.<br><br>Entidades sem fins lucrativos tamb\u00e9m participaram do evento com barraquinhas para arrecada\u00e7\u00e3o de recursos, refor\u00e7ando o aspecto comunit\u00e1rio da celebra\u00e7\u00e3o.<br><br>Al\u00e9m do CarnArax\u00e1, a Prefeitura de Arax\u00e1 ofereceu apoio log\u00edstico ao bloco Filhos de Beja, realizado no Complexo do Barreiro nos dias 14 e 16 de fevereiro, ampliando as op\u00e7\u00f5es de lazer durante o per\u00edodo carnavalesco no munic\u00edpio.<\/p>\n","protected":false},"excerpt":{"rendered":"<p>O CarnArax\u00e1 2026 reuniu mais de 20 mil pessoas na Avenida Imbiara e no estacionamento do Est\u00e1dio Municipal Fausto Alvim,<\/p>\n","protected":false},"author":2,"featured_media":8900,"comment_status":"open","ping_status":"open","sticky":false,"template":"","format":"standard","meta":{"footnotes":""},"categories":[9,11],"tags":[],"class_list":["post-8899","post","type-post","status-publish","format-standard","has-post-thumbnail","hentry","category-araxa","category-destaques"],"_links":{"self":[{"href":"http:\/\/blogdoarmindomaia.com.br\/index.php?rest_route=\/wp\/v2\/posts\/8899","targetHints":{"allow":["GET"]}}],"collection":[{"href":"http:\/\/blogdoarmindomaia.com.br\/index.php?rest_route=\/wp\/v2\/posts"}],"about":[{"href":"http:\/\/blogdoarmindomaia.com.br\/index.php?rest_route=\/wp\/v2\/types\/post"}],"author":[{"embeddable":true,"href":"http:\/\/blogdoarmindomaia.com.br\/index.php?rest_route=\/wp\/v2\/users\/2"}],"replies":[{"embeddable":true,"href":"http:\/\/blogdoarmindomaia.com.br\/index.php?rest_route=%2Fwp%2Fv2%2Fcomments&post=8899"}],"version-history":[{"count":1,"href":"http:\/\/blogdoarmindomaia.com.br\/index.php?rest_route=\/wp\/v2\/posts\/8899\/revisions"}],"predecessor-version":[{"id":8902,"href":"http:\/\/blogdoarmindomaia.com.br\/index.php?rest_route=\/wp\/v2\/posts\/8899\/revisions\/8902"}],"wp:featuredmedia":[{"embeddable":true,"href":"http:\/\/blogdoarmindomaia.com.br\/index.php?rest_route=\/wp\/v2\/media\/8900"}],"wp:attachment":[{"href":"http:\/\/blogdoarmindomaia.com.br\/index.php?rest_route=%2Fwp%2Fv2%2Fmedia&parent=8899"}],"wp:term":[{"taxonomy":"category","embeddable":true,"href":"http:\/\/blogdoarmindomaia.com.br\/index.php?rest_route=%2Fwp%2Fv2%2Fcategories&post=8899"},{"taxonomy":"post_tag","embeddable":true,"href":"http:\/\/blogdoarmindomaia.com.br\/index.php?rest_route=%2Fwp%2Fv2%2Ftags&post=8899"}],"curies":[{"name":"wp","href":"https:\/\/api.w.org\/{rel}","templated":true}]}}