{"id":8910,"date":"2026-02-26T15:39:23","date_gmt":"2026-02-26T18:39:23","guid":{"rendered":"http:\/\/blogdoarmindomaia.com.br\/?p=8910"},"modified":"2026-02-26T15:39:23","modified_gmt":"2026-02-26T18:39:23","slug":"prefeitura-de-araxa-repassa-r-22-milhoes-para-projetos-voltados-aos-idosos","status":"publish","type":"post","link":"http:\/\/blogdoarmindomaia.com.br\/?p=8910","title":{"rendered":"Prefeitura de Arax\u00e1 repassa R$ 2,2 milh\u00f5es para projetos voltados aos idosos"},"content":{"rendered":"\n<figure class=\"wp-block-image size-large\"><img loading=\"lazy\" decoding=\"async\" width=\"1024\" height=\"576\" src=\"http:\/\/blogdoarmindomaia.com.br\/wp-content\/uploads\/2026\/02\/Prefeitura-de-Araxa-repassa-R-22-milhoes-para-projetos-voltados-aos-idosos-pag-05-1024x576.jpeg\" alt=\"\" class=\"wp-image-8912\" srcset=\"http:\/\/blogdoarmindomaia.com.br\/wp-content\/uploads\/2026\/02\/Prefeitura-de-Araxa-repassa-R-22-milhoes-para-projetos-voltados-aos-idosos-pag-05-1024x576.jpeg 1024w, http:\/\/blogdoarmindomaia.com.br\/wp-content\/uploads\/2026\/02\/Prefeitura-de-Araxa-repassa-R-22-milhoes-para-projetos-voltados-aos-idosos-pag-05-300x169.jpeg 300w, http:\/\/blogdoarmindomaia.com.br\/wp-content\/uploads\/2026\/02\/Prefeitura-de-Araxa-repassa-R-22-milhoes-para-projetos-voltados-aos-idosos-pag-05-768x432.jpeg 768w, http:\/\/blogdoarmindomaia.com.br\/wp-content\/uploads\/2026\/02\/Prefeitura-de-Araxa-repassa-R-22-milhoes-para-projetos-voltados-aos-idosos-pag-05-1536x864.jpeg 1536w, http:\/\/blogdoarmindomaia.com.br\/wp-content\/uploads\/2026\/02\/Prefeitura-de-Araxa-repassa-R-22-milhoes-para-projetos-voltados-aos-idosos-pag-05.jpeg 1600w\" sizes=\"auto, (max-width: 1024px) 100vw, 1024px\" \/><\/figure>\n\n\n\n<p>A Prefeitura de Arax\u00e1 realizou, na semana passada (19), a solenidade de repasse de recursos do Fundo Municipal dos Direitos e Prote\u00e7\u00e3o do Idoso, destinando R$ 2.206.633,25 a nove entidades do munic\u00edpio que executar\u00e3o projetos sociais voltados \u00e0 promo\u00e7\u00e3o da qualidade de vida da pessoa idosa. A iniciativa foi viabilizada por meio do Fundo Municipal dos Direitos e Prote\u00e7\u00e3o do Idoso, com apoio da Companhia Brasileira de Metalurgia e Minera\u00e7\u00e3o (CBMM), via incentivo fiscal.<br>As a\u00e7\u00f5es contempladas abrangem \u00e1reas como sa\u00fade, lazer, cultura, assist\u00eancia social e bem-estar, fortalecendo a rede de atendimento e garantindo mais inclus\u00e3o e qualidade de vida para a popula\u00e7\u00e3o idosa de Arax\u00e1. Segundo o prefeito Robson Magela o investimento representa um reconhecimento ao papel da popula\u00e7\u00e3o idosa na constru\u00e7\u00e3o do munic\u00edpio. \u201cNossa popula\u00e7\u00e3o idosa j\u00e1 fez muito por Arax\u00e1. S\u00e3o pessoas que trabalharam, contribu\u00edram, ajudaram a desenvolver a cidade e a construir a hist\u00f3ria que temos hoje. Agora \u00e9 o momento de devolvermos esse cuidado, garantindo pol\u00edticas p\u00fablicas que promovam dignidade, sa\u00fade e qualidade de vida. Esse recurso \u00e9 um investimento em respeito e reconhecimento\u201d, afirma. O presidente do Conselho Municipal do Idoso, Marcus Rodrigues dos Santos, ressaltou que o investimento fortalece a rede de atendimento do munic\u00edpio. De acordo com o presidente da Ampara, Jos\u00e9 Luciano da Silva Filho, os recursos garantem suporte essencial aos assistidos, especialmente aqueles que enfrentam o tratamento oncol\u00f3gico. A secret\u00e1ria de Assist\u00eancia Social, Lillian Pereira, explicou que o repasse \u00e9 resultado de um diagn\u00f3stico realizado em conjunto com o Conselho Municipal do Idoso, que identificou demandas espec\u00edficas da popula\u00e7\u00e3o.<br><br><br><strong>Entidades beneficiadas<\/strong><br><br>\u2022 Lions Clube de Arax\u00e1 \u2013 R$ 128.500,00<br>\u2022 Associa\u00e7\u00e3o do Banco de Cadeiras de Rodas do Rotary Club de Arax\u00e1 \u2013 R$ 82.513,43<br>\u2022 Centro de Forma\u00e7\u00e3o Profissional J\u00falio D\u00e1rio \u2013 R$ 294.975,38<br>\u2022 Associa\u00e7\u00e3o de Amparo \u00e0s Pessoas com C\u00e2ncer de Arax\u00e1 (Ampara) \u2013 R$ 334.776,00<br>\u2022 Associa\u00e7\u00e3o de Pais e Amigos dos Excepcionais de Arax\u00e1 (APAE) \u2013 R$ 320.900,30<br>\u2022 Instituto das Artes e Movimento (Movart) \u2013 R$ 341.425,56<br>\u2022 Instituto Aprender \u2013 R$ 229.030,33<br>\u2022 Banco de Leitos e Colch\u00f5es Especiais do Rotary Club Arax\u00e1 Norte \u2013 R$ 130.580,00<br>\u2022 Funda\u00e7\u00e3o Cultural de Arax\u00e1 \u2013 R$ 343.932,25<\/p>\n","protected":false},"excerpt":{"rendered":"<p>A Prefeitura de Arax\u00e1 realizou, na semana passada (19), a solenidade de repasse de recursos do Fundo Municipal dos Direitos<\/p>\n","protected":false},"author":2,"featured_media":8912,"comment_status":"open","ping_status":"open","sticky":false,"template":"","format":"standard","meta":{"footnotes":""},"categories":[9,11],"tags":[],"class_list":["post-8910","post","type-post","status-publish","format-standard","has-post-thumbnail","hentry","category-araxa","category-destaques"],"_links":{"self":[{"href":"http:\/\/blogdoarmindomaia.com.br\/index.php?rest_route=\/wp\/v2\/posts\/8910","targetHints":{"allow":["GET"]}}],"collection":[{"href":"http:\/\/blogdoarmindomaia.com.br\/index.php?rest_route=\/wp\/v2\/posts"}],"about":[{"href":"http:\/\/blogdoarmindomaia.com.br\/index.php?rest_route=\/wp\/v2\/types\/post"}],"author":[{"embeddable":true,"href":"http:\/\/blogdoarmindomaia.com.br\/index.php?rest_route=\/wp\/v2\/users\/2"}],"replies":[{"embeddable":true,"href":"http:\/\/blogdoarmindomaia.com.br\/index.php?rest_route=%2Fwp%2Fv2%2Fcomments&post=8910"}],"version-history":[{"count":1,"href":"http:\/\/blogdoarmindomaia.com.br\/index.php?rest_route=\/wp\/v2\/posts\/8910\/revisions"}],"predecessor-version":[{"id":8913,"href":"http:\/\/blogdoarmindomaia.com.br\/index.php?rest_route=\/wp\/v2\/posts\/8910\/revisions\/8913"}],"wp:featuredmedia":[{"embeddable":true,"href":"http:\/\/blogdoarmindomaia.com.br\/index.php?rest_route=\/wp\/v2\/media\/8912"}],"wp:attachment":[{"href":"http:\/\/blogdoarmindomaia.com.br\/index.php?rest_route=%2Fwp%2Fv2%2Fmedia&parent=8910"}],"wp:term":[{"taxonomy":"category","embeddable":true,"href":"http:\/\/blogdoarmindomaia.com.br\/index.php?rest_route=%2Fwp%2Fv2%2Fcategories&post=8910"},{"taxonomy":"post_tag","embeddable":true,"href":"http:\/\/blogdoarmindomaia.com.br\/index.php?rest_route=%2Fwp%2Fv2%2Ftags&post=8910"}],"curies":[{"name":"wp","href":"https:\/\/api.w.org\/{rel}","templated":true}]}}