{"id":8921,"date":"2026-03-16T16:07:34","date_gmt":"2026-03-16T19:07:34","guid":{"rendered":"http:\/\/blogdoarmindomaia.com.br\/?p=8921"},"modified":"2026-03-16T16:07:34","modified_gmt":"2026-03-16T19:07:34","slug":"com-recursos-do-dep-mario-heringer-prefeitura-anuncia-implantacao-da-clinica-veterinaria-municipal-em-araxa","status":"publish","type":"post","link":"http:\/\/blogdoarmindomaia.com.br\/?p=8921","title":{"rendered":"Com recursos do Dep. M\u00e1rio Heringer, \u00a0Prefeitura anuncia implanta\u00e7\u00e3o da Cl\u00ednica Veterin\u00e1ria Municipal em Arax\u00e1"},"content":{"rendered":"\n<figure class=\"wp-block-image size-large\"><img loading=\"lazy\" decoding=\"async\" width=\"1024\" height=\"683\" src=\"http:\/\/blogdoarmindomaia.com.br\/wp-content\/uploads\/2026\/03\/Prefeitura-anuncia-implantacao-da-Clinica-Veterinaria-Municipal-em-Araxa-pag-11-1024x683.jpeg\" alt=\"\" class=\"wp-image-8922\" srcset=\"http:\/\/blogdoarmindomaia.com.br\/wp-content\/uploads\/2026\/03\/Prefeitura-anuncia-implantacao-da-Clinica-Veterinaria-Municipal-em-Araxa-pag-11-1024x683.jpeg 1024w, http:\/\/blogdoarmindomaia.com.br\/wp-content\/uploads\/2026\/03\/Prefeitura-anuncia-implantacao-da-Clinica-Veterinaria-Municipal-em-Araxa-pag-11-300x200.jpeg 300w, http:\/\/blogdoarmindomaia.com.br\/wp-content\/uploads\/2026\/03\/Prefeitura-anuncia-implantacao-da-Clinica-Veterinaria-Municipal-em-Araxa-pag-11-768x512.jpeg 768w, http:\/\/blogdoarmindomaia.com.br\/wp-content\/uploads\/2026\/03\/Prefeitura-anuncia-implantacao-da-Clinica-Veterinaria-Municipal-em-Araxa-pag-11.jpeg 1536w\" sizes=\"auto, (max-width: 1024px) 100vw, 1024px\" \/><\/figure>\n\n\n\n<p><\/p>\n\n\n\n<p>A Prefeitura de Arax\u00e1 deu mais um passo importante no fortalecimento das pol\u00edticas p\u00fablicas de prote\u00e7\u00e3o e bem-estar animal. O munic\u00edpio anunciou a implanta\u00e7\u00e3o da futura Cl\u00ednica Veterin\u00e1ria Municipal, um projeto que representa uma antiga demanda da causa animal na cidade. O an\u00fancio foi realizado ao lado da vereadora Fernanda Castelha e do deputado federal M\u00e1rio Heringer, que confirmou a destina\u00e7\u00e3o de recursos por meio de emendas parlamentares para viabilizar a implanta\u00e7\u00e3o da estrutura. A Cl\u00ednica Veterin\u00e1ria Municipal ter\u00e1 car\u00e1ter popular, com o objetivo de ampliar o acesso da popula\u00e7\u00e3o aos servi\u00e7os de sa\u00fade animal, especialmente para fam\u00edlias de baixa renda e para tutores que enfrentam dificuldades para custear atendimento veterin\u00e1rio na rede privada. Entre os servi\u00e7os previstos est\u00e3o consultas veterin\u00e1rias, exames b\u00e1sicos, pequenos procedimentos e acompanhamento cl\u00ednico de c\u00e3es e gatos. A iniciativa tamb\u00e9m dever\u00e1 atuar de forma integrada com as pol\u00edticas de controle populacional de animais, educa\u00e7\u00e3o sobre guarda respons\u00e1vel e a\u00e7\u00f5es de prote\u00e7\u00e3o animal. De acordo com o prefeito Robson Magela, a implanta\u00e7\u00e3o da cl\u00ednica come\u00e7ar\u00e1 ainda neste ano.<br><br><\/p>\n","protected":false},"excerpt":{"rendered":"<p>A Prefeitura de Arax\u00e1 deu mais um passo importante no fortalecimento das pol\u00edticas p\u00fablicas de prote\u00e7\u00e3o e bem-estar animal. O<\/p>\n","protected":false},"author":2,"featured_media":8922,"comment_status":"open","ping_status":"open","sticky":false,"template":"","format":"standard","meta":{"footnotes":""},"categories":[9,11],"tags":[],"class_list":["post-8921","post","type-post","status-publish","format-standard","has-post-thumbnail","hentry","category-araxa","category-destaques"],"_links":{"self":[{"href":"http:\/\/blogdoarmindomaia.com.br\/index.php?rest_route=\/wp\/v2\/posts\/8921","targetHints":{"allow":["GET"]}}],"collection":[{"href":"http:\/\/blogdoarmindomaia.com.br\/index.php?rest_route=\/wp\/v2\/posts"}],"about":[{"href":"http:\/\/blogdoarmindomaia.com.br\/index.php?rest_route=\/wp\/v2\/types\/post"}],"author":[{"embeddable":true,"href":"http:\/\/blogdoarmindomaia.com.br\/index.php?rest_route=\/wp\/v2\/users\/2"}],"replies":[{"embeddable":true,"href":"http:\/\/blogdoarmindomaia.com.br\/index.php?rest_route=%2Fwp%2Fv2%2Fcomments&post=8921"}],"version-history":[{"count":1,"href":"http:\/\/blogdoarmindomaia.com.br\/index.php?rest_route=\/wp\/v2\/posts\/8921\/revisions"}],"predecessor-version":[{"id":8923,"href":"http:\/\/blogdoarmindomaia.com.br\/index.php?rest_route=\/wp\/v2\/posts\/8921\/revisions\/8923"}],"wp:featuredmedia":[{"embeddable":true,"href":"http:\/\/blogdoarmindomaia.com.br\/index.php?rest_route=\/wp\/v2\/media\/8922"}],"wp:attachment":[{"href":"http:\/\/blogdoarmindomaia.com.br\/index.php?rest_route=%2Fwp%2Fv2%2Fmedia&parent=8921"}],"wp:term":[{"taxonomy":"category","embeddable":true,"href":"http:\/\/blogdoarmindomaia.com.br\/index.php?rest_route=%2Fwp%2Fv2%2Fcategories&post=8921"},{"taxonomy":"post_tag","embeddable":true,"href":"http:\/\/blogdoarmindomaia.com.br\/index.php?rest_route=%2Fwp%2Fv2%2Ftags&post=8921"}],"curies":[{"name":"wp","href":"https:\/\/api.w.org\/{rel}","templated":true}]}}