{"id":8993,"date":"2026-04-27T16:38:58","date_gmt":"2026-04-27T19:38:58","guid":{"rendered":"http:\/\/blogdoarmindomaia.com.br\/?p=8993"},"modified":"2026-04-27T16:38:59","modified_gmt":"2026-04-27T19:38:59","slug":"inscricoes-para-lancamento-de-livro-no-14o-fliaraxa-vao-ate-4-de-maio","status":"publish","type":"post","link":"http:\/\/blogdoarmindomaia.com.br\/?p=8993","title":{"rendered":"Inscri\u00e7\u00f5es para lan\u00e7amento\u00a0de livro no 14\u00ba Fliarax\u00e1 v\u00e3o at\u00e9 4 de maio\u00a0"},"content":{"rendered":"\n<figure class=\"wp-block-image size-large\"><img loading=\"lazy\" decoding=\"async\" width=\"682\" height=\"1024\" src=\"http:\/\/blogdoarmindomaia.com.br\/wp-content\/uploads\/2026\/04\/Inscricoes-para-lancamento-de-livro-no-Fliaraxa-vao-ate-4-de-maio-pag-09-682x1024.jpg\" alt=\"\" class=\"wp-image-8994\" srcset=\"http:\/\/blogdoarmindomaia.com.br\/wp-content\/uploads\/2026\/04\/Inscricoes-para-lancamento-de-livro-no-Fliaraxa-vao-ate-4-de-maio-pag-09-682x1024.jpg 682w, http:\/\/blogdoarmindomaia.com.br\/wp-content\/uploads\/2026\/04\/Inscricoes-para-lancamento-de-livro-no-Fliaraxa-vao-ate-4-de-maio-pag-09-200x300.jpg 200w, http:\/\/blogdoarmindomaia.com.br\/wp-content\/uploads\/2026\/04\/Inscricoes-para-lancamento-de-livro-no-Fliaraxa-vao-ate-4-de-maio-pag-09-768x1152.jpg 768w, http:\/\/blogdoarmindomaia.com.br\/wp-content\/uploads\/2026\/04\/Inscricoes-para-lancamento-de-livro-no-Fliaraxa-vao-ate-4-de-maio-pag-09-1024x1536.jpg 1024w, http:\/\/blogdoarmindomaia.com.br\/wp-content\/uploads\/2026\/04\/Inscricoes-para-lancamento-de-livro-no-Fliaraxa-vao-ate-4-de-maio-pag-09.jpg 1333w\" sizes=\"auto, (max-width: 682px) 100vw, 682px\" \/><\/figure>\n\n\n\n<p>A 14\u00aa edi\u00e7\u00e3o do Fliarax\u00e1 est\u00e1 com inscri\u00e7\u00f5es abertas at\u00e9 o dia 4 de maio para autores que desejam fazer o lan\u00e7amento de seus livros durante o festival, de forma gratuita, dentro da Central de Aut\u00f3grafos.&nbsp;A \u00fanica condi\u00e7\u00e3o para participar \u00e9 que o autor fa\u00e7a a doa\u00e7\u00e3o de dois exemplares de seus livros para o festival, que os repassar\u00e1 para bibliotecas da cidade. O Fliarax\u00e1 acontece no Teatro CBMM do Centro Cultural Uniarax\u00e1, entre 14 e 17 de maio de 2026, de quinta-feira a domingo, com entrada gratuita em todas as suas atividades. A iniciativa de oferecer espa\u00e7o para que escritores fa\u00e7am o lan\u00e7amento de seus livros sem custos, com sess\u00e3o de aut\u00f3grafos para o p\u00fablico presente \u2013 \u00e9 voltada, em especial, aos autores que arcaram com a edi\u00e7\u00e3o das pr\u00f3prias obras, intituladas \u201cindependentes\u201d. Mas qualquer escritor ou escritora pode participar \u2013 mesmo que tenha sido publicado(a) por editoras convencionais.<\/p>\n\n\n\n<p>Para participar, basta preencher o formul\u00e1rio &#8211;<a href=\"https:\/\/docs.google.com\/forms\/d\/e\/1FAIpQLScxhzapIs95wMxTs-PjorBPRhydiPbXP446t4ahmzRoeWECeQ\/viewform\" target=\"_blank\" rel=\"noreferrer noopener\">https:\/\/docs.google.com\/forms\/d\/e\/1FAIpQLScxhzapIs95wMxTs-PjorBPRhydiPbXP446t4ahmzRoeWECeQ\/viewform<\/a>&nbsp;&#8211;&nbsp;&nbsp;at\u00e9 o dia 04 de maio.&nbsp;Ap\u00f3s o preenchimento, a equipe do festival entrar\u00e1 em contato para agendar a data e hora do lan\u00e7amento, que ser\u00e1 realizado na livraria do Fliarax\u00e1. Posteriormente, a agenda ser\u00e1 divulgada no site do festival e a produ\u00e7\u00e3o do evento enviar\u00e1 para o autor inscrito um flyer para divulga\u00e7\u00e3o.&nbsp;N\u00e3o ser\u00e1 cobrado percentual algum sobre a venda de livros independentes, desde que o pr\u00f3prio autor venda o livro, na hora, utilizando o recurso do Pix. H\u00e1 14 anos, a CBMM apresenta o Fliarax\u00e1 \u2013 Festival Liter\u00e1rio Internacional de Arax\u00e1, via Lei Rouanet do Minist\u00e9rio da Cultura, com o apoio cultural Centro Cultural Uniarax\u00e1, TV Integra\u00e7\u00e3o e Academia Araxaense de Letras.&nbsp;<\/p>\n\n\n\n<p>14\u00ba Fliarax\u00e1&nbsp;<\/p>\n\n\n\n<p>Realizado pela Associa\u00e7\u00e3o Cultural Sempre um Papo com patroc\u00ednio da CBMM, via Lei Rouanet e apoio da Academia Araxaense de Letras e TV Integra\u00e7\u00e3o, o 14\u00ba. Fliarax\u00e1 celebra os 100 anos de nascimento de Milton Santos, patrono do festival, e homenageia tr\u00eas personalidades: Jos\u00e9 Eduardo Agualusa, que vem da \u00c1frica, a professora Maria de Lourdes Bittencourt de Vasconcellos e o Mestre General de Congado Jer\u00f4nimo Pereira de Lima, ambos personalidades da hist\u00f3ria de Arax\u00e1.&nbsp;Participam desta edi\u00e7\u00e3o nomes como A\u00edrton Souza, Alexandre Coimbra Amaral, Bianca Santana, Carlos Eduardo Pereira, Djonga, Geni N\u00fa\u00f1ez, Gustavo Ziller, Leila Ferreira, Marcelino Freire, Matheus Leit\u00e3o, Nina Santos (neta de Milton Santos) e S\u00e9rgio Abranches.&nbsp;Al\u00e9m disso, conta com a presen\u00e7a dos convidados internacionais: o angolano Jos\u00e9 Eduardo Agualusa, e a sul-africana Zukiswa Wanner.&nbsp;Os curadores s\u00e3o S\u00e9rgio Abranches, Afonso Borges, Rafael Nolli e Carlos Vin\u00edcius.&nbsp;<em>Programa\u00e7\u00e3o:&nbsp;<\/em><a href=\"https:\/\/fliaraxa.com.br\/programacao-fliaraxa-2026\/\" target=\"_blank\" rel=\"noreferrer noopener\">https:\/\/fliaraxa.com.br\/programacao-fliaraxa-2026\/<\/a><\/p>\n","protected":false},"excerpt":{"rendered":"<p>A 14\u00aa edi\u00e7\u00e3o do Fliarax\u00e1 est\u00e1 com inscri\u00e7\u00f5es abertas at\u00e9 o dia 4 de maio para autores que desejam fazer<\/p>\n","protected":false},"author":2,"featured_media":8995,"comment_status":"open","ping_status":"open","sticky":false,"template":"","format":"standard","meta":{"footnotes":""},"categories":[9,5,11],"tags":[],"class_list":["post-8993","post","type-post","status-publish","format-standard","has-post-thumbnail","hentry","category-araxa","category-arte-e-cultura","category-destaques"],"_links":{"self":[{"href":"http:\/\/blogdoarmindomaia.com.br\/index.php?rest_route=\/wp\/v2\/posts\/8993","targetHints":{"allow":["GET"]}}],"collection":[{"href":"http:\/\/blogdoarmindomaia.com.br\/index.php?rest_route=\/wp\/v2\/posts"}],"about":[{"href":"http:\/\/blogdoarmindomaia.com.br\/index.php?rest_route=\/wp\/v2\/types\/post"}],"author":[{"embeddable":true,"href":"http:\/\/blogdoarmindomaia.com.br\/index.php?rest_route=\/wp\/v2\/users\/2"}],"replies":[{"embeddable":true,"href":"http:\/\/blogdoarmindomaia.com.br\/index.php?rest_route=%2Fwp%2Fv2%2Fcomments&post=8993"}],"version-history":[{"count":1,"href":"http:\/\/blogdoarmindomaia.com.br\/index.php?rest_route=\/wp\/v2\/posts\/8993\/revisions"}],"predecessor-version":[{"id":8996,"href":"http:\/\/blogdoarmindomaia.com.br\/index.php?rest_route=\/wp\/v2\/posts\/8993\/revisions\/8996"}],"wp:featuredmedia":[{"embeddable":true,"href":"http:\/\/blogdoarmindomaia.com.br\/index.php?rest_route=\/wp\/v2\/media\/8995"}],"wp:attachment":[{"href":"http:\/\/blogdoarmindomaia.com.br\/index.php?rest_route=%2Fwp%2Fv2%2Fmedia&parent=8993"}],"wp:term":[{"taxonomy":"category","embeddable":true,"href":"http:\/\/blogdoarmindomaia.com.br\/index.php?rest_route=%2Fwp%2Fv2%2Fcategories&post=8993"},{"taxonomy":"post_tag","embeddable":true,"href":"http:\/\/blogdoarmindomaia.com.br\/index.php?rest_route=%2Fwp%2Fv2%2Ftags&post=8993"}],"curies":[{"name":"wp","href":"https:\/\/api.w.org\/{rel}","templated":true}]}}