{"id":923,"date":"2022-05-19T16:01:43","date_gmt":"2022-05-19T19:01:43","guid":{"rendered":"http:\/\/blogdoarmindomaia.com.br\/?p=923"},"modified":"2022-05-19T16:01:45","modified_gmt":"2022-05-19T19:01:45","slug":"forum-comunitario-debate-energia-sustentavel-em-araxa","status":"publish","type":"post","link":"http:\/\/blogdoarmindomaia.com.br\/?p=923","title":{"rendered":"F\u00f3rum Comunit\u00e1rio debate energia sustent\u00e1vel em Arax\u00e1"},"content":{"rendered":"\n<figure class=\"wp-block-image size-full\"><img loading=\"lazy\" decoding=\"async\" width=\"1000\" height=\"750\" src=\"http:\/\/blogdoarmindomaia.com.br\/wp-content\/uploads\/2022\/05\/plenario.jpg\" alt=\"\" class=\"wp-image-925\" srcset=\"http:\/\/blogdoarmindomaia.com.br\/wp-content\/uploads\/2022\/05\/plenario.jpg 1000w, http:\/\/blogdoarmindomaia.com.br\/wp-content\/uploads\/2022\/05\/plenario-300x225.jpg 300w, http:\/\/blogdoarmindomaia.com.br\/wp-content\/uploads\/2022\/05\/plenario-768x576.jpg 768w\" sizes=\"auto, (max-width: 1000px) 100vw, 1000px\" \/><\/figure>\n\n\n\n<p>\u201cEnergia Sustent\u00e1vel- Desafios da Atualidade\u201d foi o tema debatido em um F\u00f3rum Comunit\u00e1rio realizado na tarde desta quarta-feira (18), na C\u00e2mara Municipal de Arax\u00e1. O debate foi solicitado pelo vereador Wellington da Bit e contou com a presen\u00e7a de representantes do Executivo, Instituto de Planejamento e Desenvolvimento Sustent\u00e1vel de Arax\u00e1 (IPDSA), Secretaria de Desenvolvimento Econ\u00f4mico, CEFET Arax\u00e1, Uniarax\u00e1, Sesi\/Senai, Associa\u00e7\u00e3o Comercial, Industrial, de Turismo, Servi\u00e7os e Agroneg\u00f3cios de Arax\u00e1 (Acia), Santa Casa de Miseric\u00f3rdia, Hospital Casa do Caminho, empresas e imprensa.<\/p>\n\n\n\n<p>Wellington fez a abertura do evento destacando os objetivos do F\u00f3rum: Disseminar os valores ambiental, social e de governan\u00e7a, propor a cria\u00e7\u00e3o do comit\u00ea energ\u00e9tico de Arax\u00e1 e disponibilizar energia sustent\u00e1vel para entidades do terceiro setor.<\/p>\n\n\n\n<p>O secret\u00e1rio de Desenvolvimento Econ\u00f4mico, Juliano C\u00e9sar, participou representando o prefeito Robson Magela. Ele falou da import\u00e2ncia de fazer com que a energia limpa chegue \u00e0s empresas, e a partir disso o desenvolvimento econ\u00f4mico seja fomentado.<\/p>\n\n\n\n<p>A professora Lorena Bittencourt Guimar\u00e3es Thibau, doutora em Engenharia Ambiental e professora do CEFET Arax\u00e1 e do Uniarax\u00e1, falou em nome das duas institui\u00e7\u00f5es. Ela destacou a import\u00e2ncia da transi\u00e7\u00e3o energ\u00e9tica para frear e minimizar os efeitos das mudan\u00e7as clim\u00e1ticas.<\/p>\n\n\n\n<p>Jefferson de Campos Cordeiro \u00e9 gerente da unidade integrada do Sesi\/Senai. Ele mostrou o papel do servi\u00e7o no contexto das energias sustent\u00e1veis: \u201cO Senai desenvolve estudos integrados, incentiva projetos de inova\u00e7\u00e3o e firmou parceria para disponibilizar um curso de aperfei\u00e7oamento para eletricista fotovoltaico\u201d.<\/p>\n\n\n\n<p>O superintendente do IPDSA, Ney Dutra, destacou a import\u00e2ncia das escolas e faculdades para capacitar a m\u00e3o de obra que os empreendedores necessitam para garantir a gera\u00e7\u00e3o de energia limpa.<\/p>\n\n\n\n<p>Os representantes da Pu-ken, Expand, Soltec e Powertis falaram sobre o trabalho e projetos das empresas, desafios do mercado, m\u00e3o de obra, iniciativas e possibilidades do setor. Eles tamb\u00e9m colocaram as empresas \u00e0 disposi\u00e7\u00e3o para contribuir para a disponibiliza\u00e7\u00e3o de energia sustent\u00e1vel para as entidades.<\/p>\n\n\n\n<p>Os representantes do Sicoob Crediara, Unicred e Rodobens tamb\u00e9m contribu\u00edram mostrando como funciona o financiamento e o cons\u00f3rcio para investimento em energia limpa.<\/p>\n\n\n\n<p>Santa Casa<\/p>\n\n\n\n<p>O senhor Renato Ant\u00f4nio de \u00c1vila, engenheiro eletricista e associado da Santa Casa, comentou que a d\u00edvida da entidade com a Cemig chegou a ultrapassar R$ 2 milh\u00f5es. Ele mostrou iniciativas que foram tomadas para redu\u00e7\u00e3o do consumo e apontou a energia fotovoltaica como melhor op\u00e7\u00e3o para a entidade, que paga uma conta de luz mensal de cerca de R$ 40 mil.<\/p>\n\n\n\n<p>Carta Aberta Pela Sustentabilidade<\/p>\n\n\n\n<p>Finalizando o encontro, os parlamentares participaram com perguntas e coment\u00e1rios. O vereador Wellington fez a leitura de uma carta aberta pela sustentabilidade e inova\u00e7\u00e3o em Arax\u00e1. O documento foi redigido ao longo do F\u00f3rum e descreve as principais metas estabelecidas durante a sess\u00e3o, principalmente a busca pela disponibiliza\u00e7\u00e3o de energia sustent\u00e1vel para entidades do terceiro setor, come\u00e7ando pela Santa Casa e posteriormente Casa do Caminho.<\/p>\n","protected":false},"excerpt":{"rendered":"<p>\u201cEnergia Sustent\u00e1vel- Desafios da Atualidade\u201d foi o tema debatido em um F\u00f3rum Comunit\u00e1rio realizado na tarde desta quarta-feira (18), na<\/p>\n","protected":false},"author":2,"featured_media":925,"comment_status":"open","ping_status":"closed","sticky":false,"template":"","format":"standard","meta":{"footnotes":""},"categories":[9,8],"tags":[],"class_list":["post-923","post","type-post","status-publish","format-standard","has-post-thumbnail","hentry","category-araxa","category-cidades"],"_links":{"self":[{"href":"http:\/\/blogdoarmindomaia.com.br\/index.php?rest_route=\/wp\/v2\/posts\/923","targetHints":{"allow":["GET"]}}],"collection":[{"href":"http:\/\/blogdoarmindomaia.com.br\/index.php?rest_route=\/wp\/v2\/posts"}],"about":[{"href":"http:\/\/blogdoarmindomaia.com.br\/index.php?rest_route=\/wp\/v2\/types\/post"}],"author":[{"embeddable":true,"href":"http:\/\/blogdoarmindomaia.com.br\/index.php?rest_route=\/wp\/v2\/users\/2"}],"replies":[{"embeddable":true,"href":"http:\/\/blogdoarmindomaia.com.br\/index.php?rest_route=%2Fwp%2Fv2%2Fcomments&post=923"}],"version-history":[{"count":1,"href":"http:\/\/blogdoarmindomaia.com.br\/index.php?rest_route=\/wp\/v2\/posts\/923\/revisions"}],"predecessor-version":[{"id":926,"href":"http:\/\/blogdoarmindomaia.com.br\/index.php?rest_route=\/wp\/v2\/posts\/923\/revisions\/926"}],"wp:featuredmedia":[{"embeddable":true,"href":"http:\/\/blogdoarmindomaia.com.br\/index.php?rest_route=\/wp\/v2\/media\/925"}],"wp:attachment":[{"href":"http:\/\/blogdoarmindomaia.com.br\/index.php?rest_route=%2Fwp%2Fv2%2Fmedia&parent=923"}],"wp:term":[{"taxonomy":"category","embeddable":true,"href":"http:\/\/blogdoarmindomaia.com.br\/index.php?rest_route=%2Fwp%2Fv2%2Fcategories&post=923"},{"taxonomy":"post_tag","embeddable":true,"href":"http:\/\/blogdoarmindomaia.com.br\/index.php?rest_route=%2Fwp%2Fv2%2Ftags&post=923"}],"curies":[{"name":"wp","href":"https:\/\/api.w.org\/{rel}","templated":true}]}}