{"id":955,"date":"2022-05-21T01:36:28","date_gmt":"2022-05-21T04:36:28","guid":{"rendered":"http:\/\/blogdoarmindomaia.com.br\/?p=955"},"modified":"2022-05-21T01:36:30","modified_gmt":"2022-05-21T04:36:30","slug":"mais-de-40-vias-ja-receberam-manutencao-de-sinalizacao-de-solo-pela-prefeitura-de-araxa","status":"publish","type":"post","link":"http:\/\/blogdoarmindomaia.com.br\/?p=955","title":{"rendered":"Mais de 40 vias j\u00e1 receberam manuten\u00e7\u00e3o de sinaliza\u00e7\u00e3o de solo pela Prefeitura de Arax\u00e1"},"content":{"rendered":"\n<figure class=\"wp-block-image size-full is-style-default\"><img loading=\"lazy\" decoding=\"async\" width=\"1024\" height=\"683\" src=\"http:\/\/blogdoarmindomaia.com.br\/wp-content\/uploads\/2022\/05\/SINALIZACAO-VIAS-14.jpeg\" alt=\"\" class=\"wp-image-957\" srcset=\"http:\/\/blogdoarmindomaia.com.br\/wp-content\/uploads\/2022\/05\/SINALIZACAO-VIAS-14.jpeg 1024w, http:\/\/blogdoarmindomaia.com.br\/wp-content\/uploads\/2022\/05\/SINALIZACAO-VIAS-14-300x200.jpeg 300w, http:\/\/blogdoarmindomaia.com.br\/wp-content\/uploads\/2022\/05\/SINALIZACAO-VIAS-14-768x512.jpeg 768w\" sizes=\"auto, (max-width: 1024px) 100vw, 1024px\" \/><\/figure>\n\n\n\n<figure class=\"wp-block-image size-full is-style-default\"><img loading=\"lazy\" decoding=\"async\" width=\"1024\" height=\"683\" src=\"http:\/\/blogdoarmindomaia.com.br\/wp-content\/uploads\/2022\/05\/SINALIZACAO-VIAS-13.jpeg\" alt=\"\" class=\"wp-image-956\" srcset=\"http:\/\/blogdoarmindomaia.com.br\/wp-content\/uploads\/2022\/05\/SINALIZACAO-VIAS-13.jpeg 1024w, http:\/\/blogdoarmindomaia.com.br\/wp-content\/uploads\/2022\/05\/SINALIZACAO-VIAS-13-300x200.jpeg 300w, http:\/\/blogdoarmindomaia.com.br\/wp-content\/uploads\/2022\/05\/SINALIZACAO-VIAS-13-768x512.jpeg 768w\" sizes=\"auto, (max-width: 1024px) 100vw, 1024px\" \/><\/figure>\n\n\n\n<p>A Secretaria Municipal de Seguran\u00e7a P\u00fablica est\u00e1 refor\u00e7ando a pintura de faixas de pedestres e demais sinaliza\u00e7\u00f5es de solo em diversos pontos da cidade. O trabalho come\u00e7ou pelas principais ruas e avenidas da regi\u00e3o central e est\u00e1 sendo estendido para os bairros.<\/p>\n\n\n\n<p>Foram montadas tr\u00eas frentes de trabalho e j\u00e1 foram executados 15 mil metros quadrados de sinaliza\u00e7\u00e3o horizontal, atendendo mais de 40 vias.<\/p>\n\n\n\n<p>A manuten\u00e7\u00e3o da sinaliza\u00e7\u00e3o das vias foi feita com servi\u00e7os de pintura de faixa de pedestres, eixo cont\u00ednuo, marcas de canaliza\u00e7\u00e3o, legenda \u201cPARE\u201d e redutor de velocidade, entre outros. O servi\u00e7o \u00e9 feito pela empresa vencedora da licita\u00e7\u00e3o e pela equipe de sinaliza\u00e7\u00e3o da Secretaria Municipal de Seguran\u00e7a P\u00fablica.<\/p>\n\n\n\n<p>De acordo com o secret\u00e1rio Daniel Rosa, o trabalho tem como objetivo dar mais visibilidade aos motoristas e mais seguran\u00e7a aos pedestres. \u201cA sinaliza\u00e7\u00e3o tem um papel significativo na orienta\u00e7\u00e3o dos motoristas, pedestres, ciclistas e demais usu\u00e1rios no uso das vias urbanas, sendo indispens\u00e1vel para o ordenamento do tr\u00e1fego e redu\u00e7\u00e3o de acidentes. A conserva\u00e7\u00e3o e manuten\u00e7\u00e3o dela ser\u00e1 um trabalho constante executado pela Administra\u00e7\u00e3o Municipal\u201d, ressalta.<\/p>\n\n\n\n<p>Na regi\u00e3o central foram sinalizadas as vias paralelas e perpendiculares \u00e0s avenidas Senador Montandon, Imbiara, Jo\u00e3o Paulo II, Ant\u00f4nio Carlos, Get\u00falio Vargas, D\u00e2maso Drummond e Wilson Borges.<\/p>\n\n\n\n<p>Tamb\u00e9m foram sinalizadas as avenidas Rosalvo dos Santos, no bairro Bom Jesus; Pedro de Paula Lemos, no bairro Domingos Zema; Francino Ferreira da Silva, no bairro Cincinato de \u00c1vila; Cassiano de Paula Nascimento, no bairro Santo Ant\u00f4nio, al\u00e9m das ruas Ter\u00eancio Pereira e Totonho Pereira, tamb\u00e9m no bairro Santo Ant\u00f4nio.<\/p>\n\n\n\n<p>Foram atendidas ainda as principais ruas em 13 bairros: Aboli\u00e7\u00e3o, S\u00e3o Francisco, Ana Pinto, Tiradentes, Bom Jesus, Serra Morena, Vila Silv\u00e9ria, Boa Vista, Aeroporto, Morada do Campo, Recanto do Bosque, P\u00e3o de A\u00e7\u00facar 1, P\u00e3o de A\u00e7\u00facar 3, Ana Ant\u00f4nia, Cincinato de \u00c1vila, Orozino Teixeira, Novo Horizonte, Pedra Azul, S\u00e3o Domingos e Domingos Zema.<\/p>\n","protected":false},"excerpt":{"rendered":"<p>A Secretaria Municipal de Seguran\u00e7a P\u00fablica est\u00e1 refor\u00e7ando a pintura de faixas de pedestres e demais sinaliza\u00e7\u00f5es de solo em<\/p>\n","protected":false},"author":2,"featured_media":957,"comment_status":"open","ping_status":"open","sticky":false,"template":"","format":"standard","meta":{"footnotes":""},"categories":[9,8],"tags":[],"class_list":["post-955","post","type-post","status-publish","format-standard","has-post-thumbnail","hentry","category-araxa","category-cidades"],"_links":{"self":[{"href":"http:\/\/blogdoarmindomaia.com.br\/index.php?rest_route=\/wp\/v2\/posts\/955","targetHints":{"allow":["GET"]}}],"collection":[{"href":"http:\/\/blogdoarmindomaia.com.br\/index.php?rest_route=\/wp\/v2\/posts"}],"about":[{"href":"http:\/\/blogdoarmindomaia.com.br\/index.php?rest_route=\/wp\/v2\/types\/post"}],"author":[{"embeddable":true,"href":"http:\/\/blogdoarmindomaia.com.br\/index.php?rest_route=\/wp\/v2\/users\/2"}],"replies":[{"embeddable":true,"href":"http:\/\/blogdoarmindomaia.com.br\/index.php?rest_route=%2Fwp%2Fv2%2Fcomments&post=955"}],"version-history":[{"count":1,"href":"http:\/\/blogdoarmindomaia.com.br\/index.php?rest_route=\/wp\/v2\/posts\/955\/revisions"}],"predecessor-version":[{"id":958,"href":"http:\/\/blogdoarmindomaia.com.br\/index.php?rest_route=\/wp\/v2\/posts\/955\/revisions\/958"}],"wp:featuredmedia":[{"embeddable":true,"href":"http:\/\/blogdoarmindomaia.com.br\/index.php?rest_route=\/wp\/v2\/media\/957"}],"wp:attachment":[{"href":"http:\/\/blogdoarmindomaia.com.br\/index.php?rest_route=%2Fwp%2Fv2%2Fmedia&parent=955"}],"wp:term":[{"taxonomy":"category","embeddable":true,"href":"http:\/\/blogdoarmindomaia.com.br\/index.php?rest_route=%2Fwp%2Fv2%2Fcategories&post=955"},{"taxonomy":"post_tag","embeddable":true,"href":"http:\/\/blogdoarmindomaia.com.br\/index.php?rest_route=%2Fwp%2Fv2%2Ftags&post=955"}],"curies":[{"name":"wp","href":"https:\/\/api.w.org\/{rel}","templated":true}]}}