{"id":959,"date":"2022-05-21T01:42:51","date_gmt":"2022-05-21T04:42:51","guid":{"rendered":"http:\/\/blogdoarmindomaia.com.br\/?p=959"},"modified":"2022-05-21T01:42:53","modified_gmt":"2022-05-21T04:42:53","slug":"cronograma-da-vacinacao-contra-a-covid-19-em-araxa-na-proxima-semana","status":"publish","type":"post","link":"http:\/\/blogdoarmindomaia.com.br\/?p=959","title":{"rendered":"Cronograma da vacina\u00e7\u00e3o contra a Covid -19 em Arax\u00e1 na pr\u00f3xima semana:"},"content":{"rendered":"\n<figure class=\"wp-block-image size-full is-style-default\"><img loading=\"lazy\" decoding=\"async\" width=\"800\" height=\"389\" src=\"http:\/\/blogdoarmindomaia.com.br\/wp-content\/uploads\/2022\/05\/vacina-covid-criancas-araxa.jpg\" alt=\"\" class=\"wp-image-960\" srcset=\"http:\/\/blogdoarmindomaia.com.br\/wp-content\/uploads\/2022\/05\/vacina-covid-criancas-araxa.jpg 800w, http:\/\/blogdoarmindomaia.com.br\/wp-content\/uploads\/2022\/05\/vacina-covid-criancas-araxa-300x146.jpg 300w, http:\/\/blogdoarmindomaia.com.br\/wp-content\/uploads\/2022\/05\/vacina-covid-criancas-araxa-768x373.jpg 768w\" sizes=\"auto, (max-width: 800px) 100vw, 800px\" \/><\/figure>\n\n\n\n<p>Arax\u00e1 promove a aplica\u00e7\u00e3o da 4\u00aa dose (ou 2\u00aa dose de refor\u00e7o) da vacina contra a Covid-19 em todos os idosos a partir de 60 anos (60+) na ter\u00e7a-feira (24), das 8h \u00e0s 16h, no Sesc.<\/p>\n\n\n\n<p>Para receber a 4\u00aa dose (ou 2\u00aa dose de refor\u00e7o), a pessoa deve respeitar o intervalo de pelo menos 4 meses desde a aplica\u00e7\u00e3o da 3\u00aa dose.<\/p>\n\n\n\n<p>No ato da vacina\u00e7\u00e3o, \u00e9 imprescind\u00edvel apresentar o Cart\u00e3o do SUS (se tiver), o Cart\u00e3o de Vacina e mais uma c\u00f3pia (xerox) do documento pessoal que tenha o n\u00famero do CPF.<\/p>\n\n\n\n<p>Vale lembrar que o uso da m\u00e1scara de prote\u00e7\u00e3o continua sendo obrigat\u00f3rio em locais que ofere\u00e7am servi\u00e7os de sa\u00fade, como postos de vacina\u00e7\u00e3o.<\/p>\n\n\n\n<p>Na pr\u00f3xima semana o cronograma de vacina\u00e7\u00e3o acontece na ter\u00e7a, quarta e quinta-feira.<\/p>\n\n\n\n<p><strong>Imuniza\u00e7\u00e3o na Unisa<br><\/strong><br>A Prefeitura de Arax\u00e1 realiza a aplica\u00e7\u00e3o da 2\u00aa dose da vacina contra a Covid- 19 em crian\u00e7as de 5 a 11 anos conforme agendamento no Cart\u00e3o de Vacina. A imuniza\u00e7\u00e3o acontece na ter\u00e7a-feira (24), na Unisa, das 8h \u00e0s 16h.<\/p>\n\n\n\n<p>O cronograma tamb\u00e9m contempla a repescagem da 1\u00aa dose da vacina contra a Covid-19 para crian\u00e7as de 5 a 11 anos sem comorbidades e a imuniza\u00e7\u00e3o de crian\u00e7as de 5 a 11 anos com comorbidades ou defici\u00eancia permanente.<\/p>\n\n\n\n<p>Para receber o imunizante contra a Covid-19, a crian\u00e7a n\u00e3o pode ter recebido qualquer tipo de vacina nos \u00faltimos 15 dias e \u00e9 imprescind\u00edvel a apresenta\u00e7\u00e3o do Cart\u00e3o de Vacina, xerox de um documento de identifica\u00e7\u00e3o com CPF ou Cart\u00e3o SUS.<\/p>\n\n\n\n<p>Vale lembrar que o uso da m\u00e1scara de prote\u00e7\u00e3o continua sendo obrigat\u00f3rio em locais que ofere\u00e7am servi\u00e7os de sa\u00fade, como postos de vacina\u00e7\u00e3o.<\/p>\n\n\n\n<p>O cronograma completo e documenta\u00e7\u00e3o necess\u00e1ria est\u00e3o dispon\u00edveis no site (<a href=\"http:\/\/ww.araxavacina.com.br\/cronograma\" target=\"_blank\" rel=\"noreferrer noopener\">ww.araxavacina.com.br\/cronograma<\/a>).<\/p>\n","protected":false},"excerpt":{"rendered":"<p>Arax\u00e1 promove a aplica\u00e7\u00e3o da 4\u00aa dose (ou 2\u00aa dose de refor\u00e7o) da vacina contra a Covid-19 em todos os<\/p>\n","protected":false},"author":2,"featured_media":960,"comment_status":"open","ping_status":"open","sticky":false,"template":"","format":"standard","meta":{"footnotes":""},"categories":[9,29],"tags":[],"class_list":["post-959","post","type-post","status-publish","format-standard","has-post-thumbnail","hentry","category-araxa","category-saude"],"_links":{"self":[{"href":"http:\/\/blogdoarmindomaia.com.br\/index.php?rest_route=\/wp\/v2\/posts\/959","targetHints":{"allow":["GET"]}}],"collection":[{"href":"http:\/\/blogdoarmindomaia.com.br\/index.php?rest_route=\/wp\/v2\/posts"}],"about":[{"href":"http:\/\/blogdoarmindomaia.com.br\/index.php?rest_route=\/wp\/v2\/types\/post"}],"author":[{"embeddable":true,"href":"http:\/\/blogdoarmindomaia.com.br\/index.php?rest_route=\/wp\/v2\/users\/2"}],"replies":[{"embeddable":true,"href":"http:\/\/blogdoarmindomaia.com.br\/index.php?rest_route=%2Fwp%2Fv2%2Fcomments&post=959"}],"version-history":[{"count":1,"href":"http:\/\/blogdoarmindomaia.com.br\/index.php?rest_route=\/wp\/v2\/posts\/959\/revisions"}],"predecessor-version":[{"id":961,"href":"http:\/\/blogdoarmindomaia.com.br\/index.php?rest_route=\/wp\/v2\/posts\/959\/revisions\/961"}],"wp:featuredmedia":[{"embeddable":true,"href":"http:\/\/blogdoarmindomaia.com.br\/index.php?rest_route=\/wp\/v2\/media\/960"}],"wp:attachment":[{"href":"http:\/\/blogdoarmindomaia.com.br\/index.php?rest_route=%2Fwp%2Fv2%2Fmedia&parent=959"}],"wp:term":[{"taxonomy":"category","embeddable":true,"href":"http:\/\/blogdoarmindomaia.com.br\/index.php?rest_route=%2Fwp%2Fv2%2Fcategories&post=959"},{"taxonomy":"post_tag","embeddable":true,"href":"http:\/\/blogdoarmindomaia.com.br\/index.php?rest_route=%2Fwp%2Fv2%2Ftags&post=959"}],"curies":[{"name":"wp","href":"https:\/\/api.w.org\/{rel}","templated":true}]}}