{"id":969,"date":"2022-05-21T02:01:44","date_gmt":"2022-05-21T05:01:44","guid":{"rendered":"http:\/\/blogdoarmindomaia.com.br\/?p=969"},"modified":"2022-05-21T02:01:45","modified_gmt":"2022-05-21T05:01:45","slug":"araxa-vai-receber-r-1-milhao-para-pavimentacao-de-estrada-vicinal","status":"publish","type":"post","link":"http:\/\/blogdoarmindomaia.com.br\/?p=969","title":{"rendered":"Arax\u00e1 vai receber R$ 1 milh\u00e3o para pavimenta\u00e7\u00e3o de estrada vicinal\u00a0"},"content":{"rendered":"\n<figure class=\"wp-block-image size-large is-style-default\"><img loading=\"lazy\" decoding=\"async\" width=\"1024\" height=\"498\" src=\"http:\/\/blogdoarmindomaia.com.br\/wp-content\/uploads\/2022\/05\/VIATURA-POLICIA-PENAL-ARAXA--1024x498.jpg\" alt=\"\" class=\"wp-image-970\" srcset=\"http:\/\/blogdoarmindomaia.com.br\/wp-content\/uploads\/2022\/05\/VIATURA-POLICIA-PENAL-ARAXA--1024x498.jpg 1024w, http:\/\/blogdoarmindomaia.com.br\/wp-content\/uploads\/2022\/05\/VIATURA-POLICIA-PENAL-ARAXA--300x146.jpg 300w, http:\/\/blogdoarmindomaia.com.br\/wp-content\/uploads\/2022\/05\/VIATURA-POLICIA-PENAL-ARAXA--768x373.jpg 768w, http:\/\/blogdoarmindomaia.com.br\/wp-content\/uploads\/2022\/05\/VIATURA-POLICIA-PENAL-ARAXA--1536x747.jpg 1536w, http:\/\/blogdoarmindomaia.com.br\/wp-content\/uploads\/2022\/05\/VIATURA-POLICIA-PENAL-ARAXA--2048x996.jpg 2048w\" sizes=\"auto, (max-width: 1024px) 100vw, 1024px\" \/><\/figure>\n\n\n\n<p>Durante audi\u00eancia com o secret\u00e1rio de Governo, Igor Eto, na quarta-feira (18\/5), e em atendimento a solicita\u00e7\u00e3o do deputado Bosco e o prefeito de Arax\u00e1, Robson Magela, o Governo de Minas viabilizou a destina\u00e7\u00e3o de R$1 milh\u00e3o para a pavimenta\u00e7\u00e3o do trecho cr\u00edtico (Subida da Iara), da estrada vicinal que liga os munic\u00edpios de Arax\u00e1 e Perdizes, importante via para o escoamento da produ\u00e7\u00e3o agropecu\u00e1ria da regi\u00e3o.&nbsp;<\/p>\n\n\n\n<p>Na reuni\u00e3o tamb\u00e9m foram tratados diversos assuntos,&nbsp; entre eles nas \u00e1reas da sa\u00fade , infraestrutura e turismo.&nbsp;&nbsp;<\/p>\n\n\n\n<p>&#8220;Uma grande conquista para a nossa regi\u00e3o.&nbsp; Com a pavimenta\u00e7\u00e3o deste trecho, os produtores rurais ter\u00e3o mais seguran\u00e7a para o escoamento dos produto&#8221;, comemora o deputado Bosco.&nbsp;<\/p>\n\n\n\n<p>O prefeito Robson Magela agradece a parceria com o deputado Bosco e do Governo do Estado que sempre destinaram recursos que proporcionam melhorias para Arax\u00e1.<\/p>\n\n\n\n<p>&#8212;&#8211;&nbsp;<br><strong>Entrega de viatura para a Pol\u00edcia Penal de Arax\u00e1<\/strong><\/p>\n\n\n\n<p>A caminhonete-cela destinada \u00e0 5\u00ba Regi\u00e3o Integrada de Seguran\u00e7a P\u00fablica (RISP) \u00e9 fruto do atendimento da nossa solicita\u00e7\u00e3o, que foi feita ao governador Romeu Zema, ao secret\u00e1rio de Estado de Seguran\u00e7a P\u00fablica, Rog\u00e9rio Greco e ao diretor geral do Departamento Penitenci\u00e1rio, Rodrigo Machado.<br>Este ve\u00edculo integra a moderniza\u00e7\u00e3o da frota do Departamento Penitenci\u00e1rio de Minas Gerais (Depen-MG), aumentando a seguran\u00e7a de todos os envolvidos na escolta e na cust\u00f3dia de indiv\u00edduos privados de liberdade.<\/p>\n\n\n\n<p>Nosso agradecimento especial a todos que contribu\u00edram com essa conquista para a nossa querida Arax\u00e1.<\/p>\n\n\n\n<p>Tamb\u00e9m participaram da cerim\u00f4nia o chefe da Pol\u00edcia Civil, Joaquim Francisco Neto; Tenente coronel da Pol\u00edcia Militar, Luiz Ot\u00e1vio Vieira; Coronel Bombeiro Militar, Robespierre; o promotor de Justi\u00e7a, Paulo Freitas.<\/p>\n","protected":false},"excerpt":{"rendered":"<p>Durante audi\u00eancia com o secret\u00e1rio de Governo, Igor Eto, na quarta-feira (18\/5), e em atendimento a solicita\u00e7\u00e3o do deputado Bosco<\/p>\n","protected":false},"author":2,"featured_media":970,"comment_status":"open","ping_status":"open","sticky":false,"template":"","format":"standard","meta":{"footnotes":""},"categories":[9,30],"tags":[],"class_list":["post-969","post","type-post","status-publish","format-standard","has-post-thumbnail","hentry","category-araxa","category-seguranca-publica"],"_links":{"self":[{"href":"http:\/\/blogdoarmindomaia.com.br\/index.php?rest_route=\/wp\/v2\/posts\/969","targetHints":{"allow":["GET"]}}],"collection":[{"href":"http:\/\/blogdoarmindomaia.com.br\/index.php?rest_route=\/wp\/v2\/posts"}],"about":[{"href":"http:\/\/blogdoarmindomaia.com.br\/index.php?rest_route=\/wp\/v2\/types\/post"}],"author":[{"embeddable":true,"href":"http:\/\/blogdoarmindomaia.com.br\/index.php?rest_route=\/wp\/v2\/users\/2"}],"replies":[{"embeddable":true,"href":"http:\/\/blogdoarmindomaia.com.br\/index.php?rest_route=%2Fwp%2Fv2%2Fcomments&post=969"}],"version-history":[{"count":1,"href":"http:\/\/blogdoarmindomaia.com.br\/index.php?rest_route=\/wp\/v2\/posts\/969\/revisions"}],"predecessor-version":[{"id":971,"href":"http:\/\/blogdoarmindomaia.com.br\/index.php?rest_route=\/wp\/v2\/posts\/969\/revisions\/971"}],"wp:featuredmedia":[{"embeddable":true,"href":"http:\/\/blogdoarmindomaia.com.br\/index.php?rest_route=\/wp\/v2\/media\/970"}],"wp:attachment":[{"href":"http:\/\/blogdoarmindomaia.com.br\/index.php?rest_route=%2Fwp%2Fv2%2Fmedia&parent=969"}],"wp:term":[{"taxonomy":"category","embeddable":true,"href":"http:\/\/blogdoarmindomaia.com.br\/index.php?rest_route=%2Fwp%2Fv2%2Fcategories&post=969"},{"taxonomy":"post_tag","embeddable":true,"href":"http:\/\/blogdoarmindomaia.com.br\/index.php?rest_route=%2Fwp%2Fv2%2Ftags&post=969"}],"curies":[{"name":"wp","href":"https:\/\/api.w.org\/{rel}","templated":true}]}}