{"id":976,"date":"2022-05-21T02:16:05","date_gmt":"2022-05-21T05:16:05","guid":{"rendered":"http:\/\/blogdoarmindomaia.com.br\/?p=976"},"modified":"2022-05-21T02:16:07","modified_gmt":"2022-05-21T05:16:07","slug":"operacao-maio-amarelo","status":"publish","type":"post","link":"http:\/\/blogdoarmindomaia.com.br\/?p=976","title":{"rendered":"OPERA\u00c7\u00c3O MAIO AMARELO"},"content":{"rendered":"\n<figure class=\"wp-block-image size-full is-style-default\"><img loading=\"lazy\" decoding=\"async\" width=\"963\" height=\"244\" src=\"http:\/\/blogdoarmindomaia.com.br\/wp-content\/uploads\/2022\/05\/maio-amarelo-pm.jpg\" alt=\"\" class=\"wp-image-977\" srcset=\"http:\/\/blogdoarmindomaia.com.br\/wp-content\/uploads\/2022\/05\/maio-amarelo-pm.jpg 963w, http:\/\/blogdoarmindomaia.com.br\/wp-content\/uploads\/2022\/05\/maio-amarelo-pm-300x76.jpg 300w, http:\/\/blogdoarmindomaia.com.br\/wp-content\/uploads\/2022\/05\/maio-amarelo-pm-768x195.jpg 768w\" sizes=\"auto, (max-width: 963px) 100vw, 963px\" \/><\/figure>\n\n\n\n<p>O movimento Maio Amarelo \u00e9 uma a\u00e7\u00e3o coordenada entre o Poder P\u00fablico e a sociedade civil que visa chamar a aten\u00e7\u00e3o das pessoas para o alto \u00edndice de mortes e feridos no tr\u00e2nsito em todo o mundo. Para o ano de 2022 foi definido o seguinte tema:<strong> Juntos Salvamos Vidas! <\/strong><strong>&nbsp;<\/strong><\/p>\n\n\n\n<p>A Pol\u00edcia Militar lan\u00e7ou a opera\u00e7\u00e3o Maio Amarelo no intuito de executar a\u00e7\u00f5es educativas e de mobiliza\u00e7\u00e3o social, bem como opera\u00e7\u00f5es de pol\u00edcia ostensiva de preserva\u00e7\u00e3o da ordem p\u00fablica durante todo o m\u00eas de maio de 2022.<\/p>\n\n\n\n<p>At\u00e9 a presente data, o 37\u00ba BPM registrou 12 REDS em virtude da Lei Seca, onde, ap\u00f3s abordagens, ficou constatado o consumo de bebida alco\u00f3lica pelos condutores dos ve\u00edculos abordados.<\/p>\n\n\n\n<p>No dia 18 de maio durante a Opera\u00e7\u00e3o Lei Seca na Avenida Damaso Drummond, foi realizada abordagem a um ve\u00edculo que ziguezagueava na via. O condutor foi submetido ao exame de alcoolemia constatando 1,14 Mg\/Litro AR. Diante o exposto o condutor foi preso e encaminhado para Delegacia para provid\u00eancias decorrentes.<\/p>\n","protected":false},"excerpt":{"rendered":"<p>O movimento Maio Amarelo \u00e9 uma a\u00e7\u00e3o coordenada entre o Poder P\u00fablico e a sociedade civil que visa chamar a<\/p>\n","protected":false},"author":2,"featured_media":977,"comment_status":"open","ping_status":"open","sticky":false,"template":"","format":"standard","meta":{"footnotes":""},"categories":[9,24],"tags":[],"class_list":["post-976","post","type-post","status-publish","format-standard","has-post-thumbnail","hentry","category-araxa","category-policia"],"_links":{"self":[{"href":"http:\/\/blogdoarmindomaia.com.br\/index.php?rest_route=\/wp\/v2\/posts\/976","targetHints":{"allow":["GET"]}}],"collection":[{"href":"http:\/\/blogdoarmindomaia.com.br\/index.php?rest_route=\/wp\/v2\/posts"}],"about":[{"href":"http:\/\/blogdoarmindomaia.com.br\/index.php?rest_route=\/wp\/v2\/types\/post"}],"author":[{"embeddable":true,"href":"http:\/\/blogdoarmindomaia.com.br\/index.php?rest_route=\/wp\/v2\/users\/2"}],"replies":[{"embeddable":true,"href":"http:\/\/blogdoarmindomaia.com.br\/index.php?rest_route=%2Fwp%2Fv2%2Fcomments&post=976"}],"version-history":[{"count":1,"href":"http:\/\/blogdoarmindomaia.com.br\/index.php?rest_route=\/wp\/v2\/posts\/976\/revisions"}],"predecessor-version":[{"id":978,"href":"http:\/\/blogdoarmindomaia.com.br\/index.php?rest_route=\/wp\/v2\/posts\/976\/revisions\/978"}],"wp:featuredmedia":[{"embeddable":true,"href":"http:\/\/blogdoarmindomaia.com.br\/index.php?rest_route=\/wp\/v2\/media\/977"}],"wp:attachment":[{"href":"http:\/\/blogdoarmindomaia.com.br\/index.php?rest_route=%2Fwp%2Fv2%2Fmedia&parent=976"}],"wp:term":[{"taxonomy":"category","embeddable":true,"href":"http:\/\/blogdoarmindomaia.com.br\/index.php?rest_route=%2Fwp%2Fv2%2Fcategories&post=976"},{"taxonomy":"post_tag","embeddable":true,"href":"http:\/\/blogdoarmindomaia.com.br\/index.php?rest_route=%2Fwp%2Fv2%2Ftags&post=976"}],"curies":[{"name":"wp","href":"https:\/\/api.w.org\/{rel}","templated":true}]}}