{"id":979,"date":"2022-05-21T02:19:11","date_gmt":"2022-05-21T05:19:11","guid":{"rendered":"http:\/\/blogdoarmindomaia.com.br\/?p=979"},"modified":"2022-05-21T02:19:13","modified_gmt":"2022-05-21T05:19:13","slug":"quarto-dia-de-teatro-sera-na-praca-da-juventude-no-10o-projeto-tri-ciclo","status":"publish","type":"post","link":"http:\/\/blogdoarmindomaia.com.br\/?p=979","title":{"rendered":"Quarto dia de teatro ser\u00e1 na Pra\u00e7a da Juventude no 10\u00ba projeto TRI CICLO"},"content":{"rendered":"\n<figure class=\"wp-block-image size-large is-style-default\"><img loading=\"lazy\" decoding=\"async\" width=\"1024\" height=\"768\" src=\"http:\/\/blogdoarmindomaia.com.br\/wp-content\/uploads\/2022\/05\/Tri-Ciclo_CDH_Tarde-01-1024x768.jpeg\" alt=\"\" class=\"wp-image-980\" srcset=\"http:\/\/blogdoarmindomaia.com.br\/wp-content\/uploads\/2022\/05\/Tri-Ciclo_CDH_Tarde-01-1024x768.jpeg 1024w, http:\/\/blogdoarmindomaia.com.br\/wp-content\/uploads\/2022\/05\/Tri-Ciclo_CDH_Tarde-01-300x225.jpeg 300w, http:\/\/blogdoarmindomaia.com.br\/wp-content\/uploads\/2022\/05\/Tri-Ciclo_CDH_Tarde-01-768x576.jpeg 768w, http:\/\/blogdoarmindomaia.com.br\/wp-content\/uploads\/2022\/05\/Tri-Ciclo_CDH_Tarde-01-1536x1152.jpeg 1536w, http:\/\/blogdoarmindomaia.com.br\/wp-content\/uploads\/2022\/05\/Tri-Ciclo_CDH_Tarde-01.jpeg 1600w\" sizes=\"auto, (max-width: 1024px) 100vw, 1024px\" \/><\/figure>\n\n\n\n<p><em>Espet\u00e1culo brincante ser\u00e1 no setor norte \u00e0s cinco da tarde<\/em><\/p>\n\n\n\n<p>Tem mais teatro gratuito? Tem sim pessoal. Nesta quinta-feira, 19 de maio, quarto dia da programa\u00e7\u00e3o do 10\u00ba Projeto TRI CICLO Espet\u00e1culos tem teatro na quadra coberta da Pra\u00e7a da Juventude no bairro Urciano Lemos \u00e0s 17 horas. A pe\u00e7a \u201cNa Roda\u201d ser\u00e1 destinada \u00e0 popula\u00e7\u00e3o do setor norte, alunos de escolas e cemeis de toda regi\u00e3o. Atra\u00e7\u00f5es em Arax\u00e1 e Perdizes at\u00e9 a pr\u00f3xima semana, com teatro, m\u00fasica, circo e oficinas com classifica\u00e7\u00e3o livre para todos os p\u00fablicos.<\/p>\n\n\n\n<p>Toda a programa\u00e7\u00e3o \u00e9 gratuita, 16 apresenta\u00e7\u00f5es em Arax\u00e1 e 12 na cidade de Perdizes, at\u00e9 o dia 29 de maio. Patrocinado pela CBMM (Companhia Brasileira de Metalurgia e Minera\u00e7\u00e3o) e Bem Brasil Alimentos, o projeto \u00e9 realizado pela Tri Ciclo Produ\u00e7\u00f5es, atrav\u00e9s da Lei Federal de Incentivo \u00e0 Cultura, Secretaria Especial de Cultura do Minist\u00e9rio do Turismo.<\/p>\n\n\n\n<p><strong>In\u00edcio oficinas<\/strong><\/p>\n\n\n\n<p>Atendendo aos v\u00e1rios pedidos recebidos, ser\u00e1 poss\u00edvel inscrever para a turma de sexta-feira, dia 20 de maio, da oficina Sons de Bio R\u00edtmica com Carlos Tampa. A segunda turma ser\u00e1 de 19h \u00e0s 21h no Coreto da Pra\u00e7a Arthur Bernardes, Centro de Arax\u00e1. Para aqueles que v\u00e3o a busca do aprendizado nesta quinta-feira (19.05) haver\u00e1 a altera\u00e7\u00e3o do local. Devido a queda nas temperaturas, prevista para esta data, a oficina ser\u00e1 realizada no Teatro Municipal Maximiliano Rocha, no mesmo hor\u00e1rio, de 19h \u00e0s 21h.<\/p>\n\n\n\n<p><strong>Est\u00e1 na programa\u00e7\u00e3o<\/strong><\/p>\n\n\n\n<p>Duas semanas de atra\u00e7\u00f5es gratuitas em Pra\u00e7as P\u00fablicas, Escolas da rede p\u00fablica e particular, e institui\u00e7\u00f5es nas cidades de Arax\u00e1 e Perdizes. Haver\u00e1 uma apresenta\u00e7\u00e3o do grupo Maria Cutia neste s\u00e1bado, 21\/05, na Pra\u00e7a Arthur Bernardes, \u00e0s 17h30, aberta ao p\u00fablico. Tamb\u00e9m no s\u00e1bado o teatro circense, de Mayron Engel, ser\u00e1 \u00e0s 19h no Coreto da Pra\u00e7a Arthur Bernardes, com a pe\u00e7a \u201cMe Deixe Ir, Preciso Andar\u201d. Nos dias 28 e 29 mais atra\u00e7\u00f5es em Arax\u00e1: 28\/05 no Coreto da Pra\u00e7a Arthur Bernardes show de forr\u00f3 com o grupo Chama Chuva apresenta o \u201cBorogod\u00f3\u201d. E a Cia. Los Circo Los traz a \u201cVers\u00e3o Brasileira\u201d no Teatro Municipal Maximiliano Rocha no dia 29 de maio, domingo, \u00e0s 18 horas.<\/p>\n\n\n\n<p><strong>Servi\u00e7o<\/strong><\/p>\n\n\n\n<p><em>10\u00ba Tri Ciclo Espet\u00e1culos<\/em><\/p>\n\n\n\n<p><em>Local: Arax\u00e1 e Perdizes\/MG<\/em><\/p>\n\n\n\n<p><em>Patroc\u00ednio: CBMM (Companhia Brasileira de Metalurgia e Minera\u00e7\u00e3o) e Bem Brasil Alimentos<\/em><\/p>\n\n\n\n<p><em>Realiza\u00e7\u00e3o: Tri Ciclo Produ\u00e7\u00f5es<\/em><\/p>\n\n\n\n<p>Informa\u00e7\u00f5es: @espetaculostriciclo<\/p>\n","protected":false},"excerpt":{"rendered":"<p>Espet\u00e1culo brincante ser\u00e1 no setor norte \u00e0s cinco da tarde Tem mais teatro gratuito? Tem sim pessoal. Nesta quinta-feira, 19<\/p>\n","protected":false},"author":2,"featured_media":980,"comment_status":"open","ping_status":"open","sticky":false,"template":"","format":"standard","meta":{"footnotes":""},"categories":[9,5],"tags":[],"class_list":["post-979","post","type-post","status-publish","format-standard","has-post-thumbnail","hentry","category-araxa","category-arte-e-cultura"],"_links":{"self":[{"href":"http:\/\/blogdoarmindomaia.com.br\/index.php?rest_route=\/wp\/v2\/posts\/979","targetHints":{"allow":["GET"]}}],"collection":[{"href":"http:\/\/blogdoarmindomaia.com.br\/index.php?rest_route=\/wp\/v2\/posts"}],"about":[{"href":"http:\/\/blogdoarmindomaia.com.br\/index.php?rest_route=\/wp\/v2\/types\/post"}],"author":[{"embeddable":true,"href":"http:\/\/blogdoarmindomaia.com.br\/index.php?rest_route=\/wp\/v2\/users\/2"}],"replies":[{"embeddable":true,"href":"http:\/\/blogdoarmindomaia.com.br\/index.php?rest_route=%2Fwp%2Fv2%2Fcomments&post=979"}],"version-history":[{"count":1,"href":"http:\/\/blogdoarmindomaia.com.br\/index.php?rest_route=\/wp\/v2\/posts\/979\/revisions"}],"predecessor-version":[{"id":981,"href":"http:\/\/blogdoarmindomaia.com.br\/index.php?rest_route=\/wp\/v2\/posts\/979\/revisions\/981"}],"wp:featuredmedia":[{"embeddable":true,"href":"http:\/\/blogdoarmindomaia.com.br\/index.php?rest_route=\/wp\/v2\/media\/980"}],"wp:attachment":[{"href":"http:\/\/blogdoarmindomaia.com.br\/index.php?rest_route=%2Fwp%2Fv2%2Fmedia&parent=979"}],"wp:term":[{"taxonomy":"category","embeddable":true,"href":"http:\/\/blogdoarmindomaia.com.br\/index.php?rest_route=%2Fwp%2Fv2%2Fcategories&post=979"},{"taxonomy":"post_tag","embeddable":true,"href":"http:\/\/blogdoarmindomaia.com.br\/index.php?rest_route=%2Fwp%2Fv2%2Ftags&post=979"}],"curies":[{"name":"wp","href":"https:\/\/api.w.org\/{rel}","templated":true}]}}