{"id":990,"date":"2022-05-21T23:23:22","date_gmt":"2022-05-22T02:23:22","guid":{"rendered":"http:\/\/blogdoarmindomaia.com.br\/?p=990"},"modified":"2022-05-21T23:23:24","modified_gmt":"2022-05-22T02:23:24","slug":"elon-musk-o-homem-mais-rico-do-mundo-desembarca-no-brasil-e-rejeita-a-oferta-de-bolsonaro-de-explorar-o-nosso-niobio","status":"publish","type":"post","link":"http:\/\/blogdoarmindomaia.com.br\/?p=990","title":{"rendered":"Elon Musk, o homem mais rico do mundo, desembarca no Brasil e rejeita a oferta de Bolsonaro de explorar o nosso ni\u00f3bio \u00a0"},"content":{"rendered":"\n<figure class=\"wp-block-image size-large is-style-default\"><img loading=\"lazy\" decoding=\"async\" width=\"1024\" height=\"714\" src=\"http:\/\/blogdoarmindomaia.com.br\/wp-content\/uploads\/2022\/05\/wwwwMUSK-1024x714.png\" alt=\"\" class=\"wp-image-991\" srcset=\"http:\/\/blogdoarmindomaia.com.br\/wp-content\/uploads\/2022\/05\/wwwwMUSK-1024x714.png 1024w, http:\/\/blogdoarmindomaia.com.br\/wp-content\/uploads\/2022\/05\/wwwwMUSK-300x209.png 300w, http:\/\/blogdoarmindomaia.com.br\/wp-content\/uploads\/2022\/05\/wwwwMUSK-768x536.png 768w, http:\/\/blogdoarmindomaia.com.br\/wp-content\/uploads\/2022\/05\/wwwwMUSK-392x272.png 392w, http:\/\/blogdoarmindomaia.com.br\/wp-content\/uploads\/2022\/05\/wwwwMUSK-130x90.png 130w, http:\/\/blogdoarmindomaia.com.br\/wp-content\/uploads\/2022\/05\/wwwwMUSK.png 1300w\" sizes=\"auto, (max-width: 1024px) 100vw, 1024px\" \/><\/figure>\n\n\n\n<p>Na t\u00e3o propagada reuni\u00e3o de Jair Bolsonaro (PL) com Elon Musk, na sexta-feira (20),&nbsp;<a href=\"https:\/\/www.otempo.com.br\/politica\/governo\/bolsonaro-oferece-bateria-de-niobio-a-elon-musk-mas-ele-nao-esta-interessado-1.2671720\"><strong>o presidente ofereceu ao exc\u00eantrico bilion\u00e1rio sul-africano a oportunidade de explorar ni\u00f3bio em territ\u00f3rio brasileiro<\/strong><\/a>. No entanto, o dono da Tesla recusou prontamente a oferta do min\u00e9rio, que o anfitri\u00e3o defende desde a campanha eleitoral de 2018 como uma das salva\u00e7\u00f5es da economia nacional. &#8220;Obviamente, falei com ele [Elon Musk] sobre a bateria de ni\u00f3bio. E, obviamente, eles est\u00e3o aprofundando o estudo para agregar o grafeno para que tenha uma super bateria de carga bastante r\u00e1pida. No momento, isso n\u00e3o est\u00e1 no radar deles&#8221;, afirmou Bolsonaro, em declara\u00e7\u00e3o ap\u00f3s o encontro, sem disfar\u00e7ar a decep\u00e7\u00e3o com o bilion\u00e1rio sul-africano. Al\u00e9m do grafeno, Musk persegue o l\u00edtio. Especialistas garantem que o Brasil tem potencial para se tornar um dos maiores produtores do metal essencial para as atuais baterias que movem carros el\u00e9tricos e fazem os aparelhos port\u00e1teis funcionarem. A Tesla, de Musk, \u00e9 a empresa que mais investe e fatura em carros el\u00e9tricos.&nbsp;<\/p>\n\n\n\n<p>O Brasil&nbsp;tem a s\u00e9tima maior reserva de l\u00edtio conhecida no mundo. S\u00e3o 95 mil toneladas que poderiam ser exploradas de acordo com a tecnologia e as leis atuais. O total de recursos de l\u00edtio no pa\u00eds (que soma as reservas dispon\u00edveis ao total do metal ainda inacess\u00edvel) est\u00e1 estimado em 470 mil toneladas.<\/p>\n\n\n\n<p>Os dados s\u00e3o do Servi\u00e7o Geol\u00f3gico dos Estados Unidos (USGS) e foram publicados em 2021.<\/p>\n\n\n\n<p>O USGS apontou o Brasil como o quinto maior produtor do metal no mundo em 2020, com produ\u00e7\u00e3o estimada em 1.900 toneladas. No mesmo ano, a Austr\u00e1lia produziu 40 mil toneladas (1\u00ba) e o Chile chegou a 18 mil toneladas (2\u00ba)<\/p>\n\n\n\n<p>O consumo do mineral cresceu 18% no ano passado, ainda segundo o \u00f3rg\u00e3o norte-americano.<\/p>\n\n\n\n<p><strong>Musk j\u00e1 falou publicamente sobre o seu interesse no l\u00edtio<\/strong><\/p>\n\n\n\n<p>Em 8 de abril, \u00e0s v\u00e9speras da resposta sobre sua admiss\u00e3o ao conselho de administra\u00e7\u00e3o do Twitter, Musk usou a rede social para divulgar o interesse na minera\u00e7\u00e3o de l\u00edtio. Ele disse que a investida era necess\u00e1ria porque o pre\u00e7o do metal alcalino \u201catingiu n\u00edveis insanos\u201d.<\/p>\n\n\n\n<p>O tu\u00edte era uma resposta a publica\u00e7\u00e3o do World of Statistics no microblog, que mostrava uma alta de 1.753% na valoriza\u00e7\u00e3o do pre\u00e7o da tonelada de l\u00edtio entre 2012 (US$ 4,45 mil) e os atuais US$ 78,03 mil (R$ 365,5 mil).&nbsp;<\/p>\n\n\n\n<p>Musk afirmou que \u201cn\u00e3o h\u00e1 escassez do elemento em si, j\u00e1 que o l\u00edtio est\u00e1 em quase todos os lugares da Terra, mas o ritmo de extra\u00e7\u00e3o e refino \u00e9 lento\u201d.<\/p>\n\n\n\n<p>O bilion\u00e1rio ainda respondeu &#8220;verdade&#8221; a um dos usu\u00e1rios da plataforma que disse que seria poss\u00edvel transformar toda a frota de ve\u00edculos dos Estados Unidos em el\u00e9tricos usando apenas o l\u00edtio do estado de Nevada.<\/p>\n\n\n\n<p>Pesquisadores t\u00eam desenvolvido baterias de \u00edons de s\u00f3dio, outro metal alcalino cuja disponibilidade na natureza \u00e9 ao menos 300 vezes superior \u00e0 do l\u00edtio. Mas as baterias deste, mais leves, s\u00e3o imbat\u00edveis na densidade energ\u00e9tica.<\/p>\n\n\n\n<p>Em 2020, reportagem da revista&nbsp;<em>Fortune<\/em>&nbsp;citando \u201cpessoas familiarizadas com o assunto\u201d revelou que a empresa do Texas teria adquirido direitos de minera\u00e7\u00e3o de l\u00edtio no estado de Nevada, nos Estados Unidos.&nbsp;<\/p>\n\n\n\n<p>Segundo as fontes, a empresa de Elon Musk tomou a decis\u00e3o ap\u00f3s uma tentativa de comprar a mineradora Cypress Development fracassar.<\/p>\n\n\n\n<h2 class=\"wp-block-heading\">Musk \u00e9 acusado de participar de golpe contra Evo Morales por causa do l\u00edtio<\/h2>\n\n\n\n<p>Musk protagoniza teorias da conspira\u00e7\u00e3o, alimentadas nas redes sociais, sobre a sua suposta participa\u00e7\u00e3o na retirada do l\u00edder sindical dos cocaleros Evo Morales da Presid\u00eancia da Bol\u00edvia, para controlar os maiores dep\u00f3sitos de l\u00edtio do mundo, ainda inexplorados.<\/p>\n\n\n\n<p>Um tu\u00edte do bilion\u00e1rio, em meados de 2020, ajudou a alimentar as hist\u00f3rias sobre a participa\u00e7\u00e3o em um golpe, que envolveria o governo dos Estados Unidos.<\/p>\n\n\n\n<p>\u201cVamos dar golpe em quem quisermos. Lide com isso\u201d, escreveu o fundador da fabricante de carros el\u00e9tricos Tesla, em 25 de julho, ao responder a um post acusando Washington de ter deposto Evo para se apropriar das reservas de l\u00edtio, concentradas no salar de Uyuni.<\/p>\n\n\n\n<p>A frase foi citada por Evo para comprovar um suposto golpe de Estado contra ele.<\/p>\n\n\n\n<p>A Bol\u00edvia det\u00e9m 29% dos dep\u00f3sitos mundiais de l\u00edtio, segundo o USGS, mas n\u00e3o explora suas jazidas em escala comercial.<\/p>\n\n\n\n<p>Durante os tr\u00eas mandatos seguidos de Evo (2006 a 2019), a Bol\u00edvia relutou em aceitar capital estrangeiro para explorar o l\u00edtio e fracassou na tentativa de industrializar o mineral em vez de export\u00e1-lo como mat\u00e9ria-prima.&nbsp;<\/p>\n\n\n\n<p>A administra\u00e7\u00e3o de Evo comprou uma f\u00e1brica de baterias da China, mas a empresa estatal nunca foi adiante.<\/p>\n\n\n\n<p>Em 2019, Evo assinou um acordo com a empresa privada alem\u00e3 Acisa para produzir at\u00e9 40 mil toneladas de l\u00edtio por ano a partir de 2022, por 70 anos. Em troca, a empresa industrializaria parte do mineral na Bol\u00edvia.<\/p>\n\n\n\n<p>O acordo provocou uma onda de violentos protestos no departamento de Potos\u00ed, onde fica a jazida. Em meio \u00e0s acusa\u00e7\u00f5es de fraude eleitoral, Evo cancelou a parceria com a Acisa pouco antes de renunciar e de partir para o ex\u00edlio, em novembro de 2019.&nbsp;<\/p>\n\n\n\n<p>O partido de Evo retomou o poder na Bol\u00edvia em outubro de 2020, com a elei\u00e7\u00e3o do ex-ministro da Economia, Luis Arce, para a Presid\u00eancia. Para a esquerda latinoamericana, foi uma derrota para os EUA e Elon Musk<\/p>\n\n\n\n<p>FONTE: O JORNAL O TEMPO DE MINAS GERAIS<\/p>\n\n\n\n<p>QUEM \u00c9 MUSK?<\/p>\n\n\n\n<p>Elon Musk, o homem mais rico do mundo. Ele \u00c9 o CEO da montadora de carros el\u00e9tricos Tesla e fundador da empresa espacial SpaceX deve girar em torno de uma outra empresa de seu portf\u00f3lio, a Starlink. <\/p>\n\n\n\n<p>Dono de uma fortuna estimada em US$ 218 bilh\u00f5es, segundo a revista Forbes, Musk n\u00e3o come\u00e7ou sua trajet\u00f3ria do nada &#8212; na verdade, o pai dele tinha uma participa\u00e7\u00e3o em uma mina de esmeraldas na Z\u00e2mbia. Assim, Musk cresceu na \u00c1frica do Sul em uma fam\u00edlia acostumada ao luxo e, aos 17 anos, se mudou para o Canad\u00e1. <\/p>\n","protected":false},"excerpt":{"rendered":"<p>Na t\u00e3o propagada reuni\u00e3o de Jair Bolsonaro (PL) com Elon Musk, na sexta-feira (20),&nbsp;o presidente ofereceu ao exc\u00eantrico bilion\u00e1rio sul-africano<\/p>\n","protected":false},"author":2,"featured_media":992,"comment_status":"open","ping_status":"open","sticky":false,"template":"","format":"standard","meta":{"footnotes":""},"categories":[7,22],"tags":[],"class_list":["post-990","post","type-post","status-publish","format-standard","has-post-thumbnail","hentry","category-brasil","category-negocios"],"_links":{"self":[{"href":"http:\/\/blogdoarmindomaia.com.br\/index.php?rest_route=\/wp\/v2\/posts\/990","targetHints":{"allow":["GET"]}}],"collection":[{"href":"http:\/\/blogdoarmindomaia.com.br\/index.php?rest_route=\/wp\/v2\/posts"}],"about":[{"href":"http:\/\/blogdoarmindomaia.com.br\/index.php?rest_route=\/wp\/v2\/types\/post"}],"author":[{"embeddable":true,"href":"http:\/\/blogdoarmindomaia.com.br\/index.php?rest_route=\/wp\/v2\/users\/2"}],"replies":[{"embeddable":true,"href":"http:\/\/blogdoarmindomaia.com.br\/index.php?rest_route=%2Fwp%2Fv2%2Fcomments&post=990"}],"version-history":[{"count":1,"href":"http:\/\/blogdoarmindomaia.com.br\/index.php?rest_route=\/wp\/v2\/posts\/990\/revisions"}],"predecessor-version":[{"id":993,"href":"http:\/\/blogdoarmindomaia.com.br\/index.php?rest_route=\/wp\/v2\/posts\/990\/revisions\/993"}],"wp:featuredmedia":[{"embeddable":true,"href":"http:\/\/blogdoarmindomaia.com.br\/index.php?rest_route=\/wp\/v2\/media\/992"}],"wp:attachment":[{"href":"http:\/\/blogdoarmindomaia.com.br\/index.php?rest_route=%2Fwp%2Fv2%2Fmedia&parent=990"}],"wp:term":[{"taxonomy":"category","embeddable":true,"href":"http:\/\/blogdoarmindomaia.com.br\/index.php?rest_route=%2Fwp%2Fv2%2Fcategories&post=990"},{"taxonomy":"post_tag","embeddable":true,"href":"http:\/\/blogdoarmindomaia.com.br\/index.php?rest_route=%2Fwp%2Fv2%2Ftags&post=990"}],"curies":[{"name":"wp","href":"https:\/\/api.w.org\/{rel}","templated":true}]}}